{"id":6780,"date":"2020-02-07T10:47:38","date_gmt":"2020-02-07T13:47:38","guid":{"rendered":"http:\/\/maricatotal.com.br\/site\/?p=6780"},"modified":"2020-02-07T10:47:40","modified_gmt":"2020-02-07T13:47:40","slug":"caminhao-contra-o-sarampo-circula-em-marica-de-17-a-20-2","status":"publish","type":"post","link":"https:\/\/maricatotal.com.br\/site\/2020\/02\/07\/caminhao-contra-o-sarampo-circula-em-marica-de-17-a-20-2\/","title":{"rendered":"CAMINH\u00c3O CONTRA O SARAMPO CIRCULA EM MARIC\u00c1 DE 17 A 20\/2"},"content":{"rendered":"\n<figure class=\"wp-block-image size-large\"><img loading=\"lazy\" decoding=\"async\" width=\"1024\" height=\"683\" src=\"http:\/\/maricatotal.com.br\/site\/wp-content\/uploads\/2020\/02\/B9C62831-11CB-490E-80AF-6C3737D1281E-1024x683.jpeg\" alt=\"\" class=\"wp-image-6781\" srcset=\"https:\/\/maricatotal.com.br\/site\/wp-content\/uploads\/2020\/02\/B9C62831-11CB-490E-80AF-6C3737D1281E-1024x683.jpeg 1024w, https:\/\/maricatotal.com.br\/site\/wp-content\/uploads\/2020\/02\/B9C62831-11CB-490E-80AF-6C3737D1281E-300x200.jpeg 300w, https:\/\/maricatotal.com.br\/site\/wp-content\/uploads\/2020\/02\/B9C62831-11CB-490E-80AF-6C3737D1281E-768x512.jpeg 768w, https:\/\/maricatotal.com.br\/site\/wp-content\/uploads\/2020\/02\/B9C62831-11CB-490E-80AF-6C3737D1281E.jpeg 1392w\" sizes=\"auto, (max-width: 1024px) 100vw, 1024px\" \/><\/figure>\n\n\n\n<p>Entre os dias 17 e 20\/02, o caminh\u00e3o contra o sarampo vai circular pela cidade. A medida \u00e9 uma estrat\u00e9gia da Secretaria Estadual de Sa\u00fade e conta com o apoio do munic\u00edpio para intensificar a campanha, que teve in\u00edcio em 13\/01 e segue at\u00e9 13\/03.<\/p>\n\n\n\n<p>Segundo a Secretaria de Sa\u00fade de Maric\u00e1, ser\u00e3o vacinadas apenas as pessoas que tiverem com seu esquema vacinal incompleto, com idades entre seis meses e 59 anos.<\/p>\n\n\n\n<p>Por conta disso \u00e9 obrigat\u00f3ria a apresenta\u00e7\u00e3o da caderneta de vacina\u00e7\u00e3o, assim como do cart\u00e3o do SUS, para que o enfermeiro possa analisar a necessidade do procedimento. O profissional tamb\u00e9m ficar\u00e1 respons\u00e1vel por orientar individualmente cada vacinado em rela\u00e7\u00e3o a poss\u00edveis rea\u00e7\u00f5es.<\/p>\n\n\n\n<p>O ve\u00edculo estaciona na Pra\u00e7a Orlando de Barros Pimentel (Centro) no dia 17\/02; na quadra de Ino\u00e3 no dia 18\/02; na Pra\u00e7a do Barroco (Itaipua\u00e7u) no dia 19\/02 e na Pra\u00e7a Nossa Senhora das Gra\u00e7as (Ponta Negra) no dia 20\/02.<\/p>\n\n\n\n<p>\u00c9 importante ressaltar que uma campanha Dia D foi realizada no munic\u00edpio no dia 01\/02. Outras acontecem nos dias 15\/02 e 07\/03.<\/p>\n","protected":false},"excerpt":{"rendered":"<p>Entre os dias 17 e 20\/02, o caminh\u00e3o contra o sarampo vai circular pela cidade. A medida \u00e9 uma estrat\u00e9gia<\/p>\n","protected":false},"author":1,"featured_media":0,"comment_status":"open","ping_status":"open","sticky":false,"template":"","format":"standard","meta":{"colormag_page_container_layout":"default_layout","colormag_page_sidebar_layout":"default_layout","footnotes":""},"categories":[14],"tags":[],"class_list":["post-6780","post","type-post","status-publish","format-standard","hentry","category-bairros"],"amp_enabled":true,"_links":{"self":[{"href":"https:\/\/maricatotal.com.br\/site\/wp-json\/wp\/v2\/posts\/6780","targetHints":{"allow":["GET"]}}],"collection":[{"href":"https:\/\/maricatotal.com.br\/site\/wp-json\/wp\/v2\/posts"}],"about":[{"href":"https:\/\/maricatotal.com.br\/site\/wp-json\/wp\/v2\/types\/post"}],"author":[{"embeddable":true,"href":"https:\/\/maricatotal.com.br\/site\/wp-json\/wp\/v2\/users\/1"}],"replies":[{"embeddable":true,"href":"https:\/\/maricatotal.com.br\/site\/wp-json\/wp\/v2\/comments?post=6780"}],"version-history":[{"count":0,"href":"https:\/\/maricatotal.com.br\/site\/wp-json\/wp\/v2\/posts\/6780\/revisions"}],"wp:attachment":[{"href":"https:\/\/maricatotal.com.br\/site\/wp-json\/wp\/v2\/media?parent=6780"}],"wp:term":[{"taxonomy":"category","embeddable":true,"href":"https:\/\/maricatotal.com.br\/site\/wp-json\/wp\/v2\/categories?post=6780"},{"taxonomy":"post_tag","embeddable":true,"href":"https:\/\/maricatotal.com.br\/site\/wp-json\/wp\/v2\/tags?post=6780"}],"curies":[{"name":"wp","href":"https:\/\/api.w.org\/{rel}","templated":true}]}}