{"id":6816,"date":"2020-02-08T11:20:40","date_gmt":"2020-02-08T14:20:40","guid":{"rendered":"http:\/\/maricatotal.com.br\/site\/?p=6816"},"modified":"2020-02-08T11:20:42","modified_gmt":"2020-02-08T14:20:42","slug":"homem-fica-gravemente-ferido-em-acidente-entre-onibus-e-moto","status":"publish","type":"post","link":"https:\/\/maricatotal.com.br\/site\/2020\/02\/08\/homem-fica-gravemente-ferido-em-acidente-entre-onibus-e-moto\/","title":{"rendered":"HOMEM FICA GRAVEMENTE FERIDO EM ACIDENTE ENTRE \u00d4NIBUS E MOTO"},"content":{"rendered":"\n<figure class=\"wp-block-image size-large\"><img loading=\"lazy\" decoding=\"async\" width=\"1024\" height=\"858\" src=\"http:\/\/maricatotal.com.br\/site\/wp-content\/uploads\/2020\/02\/9B95732D-0F54-4557-B624-1D00C89B9359-1024x858.png\" alt=\"\" class=\"wp-image-6817\" srcset=\"https:\/\/maricatotal.com.br\/site\/wp-content\/uploads\/2020\/02\/9B95732D-0F54-4557-B624-1D00C89B9359-1024x858.png 1024w, https:\/\/maricatotal.com.br\/site\/wp-content\/uploads\/2020\/02\/9B95732D-0F54-4557-B624-1D00C89B9359-300x251.png 300w, https:\/\/maricatotal.com.br\/site\/wp-content\/uploads\/2020\/02\/9B95732D-0F54-4557-B624-1D00C89B9359-768x644.png 768w, https:\/\/maricatotal.com.br\/site\/wp-content\/uploads\/2020\/02\/9B95732D-0F54-4557-B624-1D00C89B9359-1536x1288.png 1536w, https:\/\/maricatotal.com.br\/site\/wp-content\/uploads\/2020\/02\/9B95732D-0F54-4557-B624-1D00C89B9359.png 1880w\" sizes=\"auto, (max-width: 1024px) 100vw, 1024px\" \/><\/figure>\n\n\n\n<p>Um homem ficou ferido ap\u00f3s um acidente entre um \u00f4nibus da Via\u00e7\u00e3o Nossa Senhora do Amparo e uma motocicleta, na Rua 34, no Jardim Atl\u00e2ntico Leste, na madrugada deste s\u00e1bado (8) em Itaipua\u00e7u.<\/p>\n\n\n\n<p>Segundo informa\u00e7\u00f5es levantadas pelo Site Maric\u00e1 Total, o motociclista tentou ultrapassar o coletivo e bateu no lado, ficando gravemente ferido.<\/p>\n\n\n\n<p>Bombeiros do Posto Avan\u00e7ado de Itaipua\u00e7u se deslocaram para o local e efetuaram os primeiros socorros. <\/p>\n\n\n\n<p>Rodrigo Medeiros Lopes foi encaminhado para o Hospital Municipal Conde Modesto Leal, no Centro.<\/p>\n\n\n\n<p>O caso foi registrado na 82\u00aa DP (Maric\u00e1). <\/p>\n","protected":false},"excerpt":{"rendered":"<p>Um homem ficou ferido ap\u00f3s um acidente entre um \u00f4nibus da Via\u00e7\u00e3o Nossa Senhora do Amparo e uma motocicleta, na<\/p>\n","protected":false},"author":1,"featured_media":0,"comment_status":"open","ping_status":"open","sticky":false,"template":"","format":"standard","meta":{"colormag_page_container_layout":"default_layout","colormag_page_sidebar_layout":"default_layout","footnotes":""},"categories":[14],"tags":[],"class_list":["post-6816","post","type-post","status-publish","format-standard","hentry","category-bairros"],"amp_enabled":true,"_links":{"self":[{"href":"https:\/\/maricatotal.com.br\/site\/wp-json\/wp\/v2\/posts\/6816","targetHints":{"allow":["GET"]}}],"collection":[{"href":"https:\/\/maricatotal.com.br\/site\/wp-json\/wp\/v2\/posts"}],"about":[{"href":"https:\/\/maricatotal.com.br\/site\/wp-json\/wp\/v2\/types\/post"}],"author":[{"embeddable":true,"href":"https:\/\/maricatotal.com.br\/site\/wp-json\/wp\/v2\/users\/1"}],"replies":[{"embeddable":true,"href":"https:\/\/maricatotal.com.br\/site\/wp-json\/wp\/v2\/comments?post=6816"}],"version-history":[{"count":0,"href":"https:\/\/maricatotal.com.br\/site\/wp-json\/wp\/v2\/posts\/6816\/revisions"}],"wp:attachment":[{"href":"https:\/\/maricatotal.com.br\/site\/wp-json\/wp\/v2\/media?parent=6816"}],"wp:term":[{"taxonomy":"category","embeddable":true,"href":"https:\/\/maricatotal.com.br\/site\/wp-json\/wp\/v2\/categories?post=6816"},{"taxonomy":"post_tag","embeddable":true,"href":"https:\/\/maricatotal.com.br\/site\/wp-json\/wp\/v2\/tags?post=6816"}],"curies":[{"name":"wp","href":"https:\/\/api.w.org\/{rel}","templated":true}]}}