{"id":6832,"date":"2020-02-10T11:47:18","date_gmt":"2020-02-10T14:47:18","guid":{"rendered":"http:\/\/maricatotal.com.br\/site\/?p=6832"},"modified":"2020-02-10T11:47:20","modified_gmt":"2020-02-10T14:47:20","slug":"prefeitura-decreta-ponto-facultativo-no-carnaval","status":"publish","type":"post","link":"https:\/\/maricatotal.com.br\/site\/2020\/02\/10\/prefeitura-decreta-ponto-facultativo-no-carnaval\/","title":{"rendered":"PREFEITURA DECRETA PONTO FACULTATIVO NO CARNAVAL"},"content":{"rendered":"\n<figure class=\"wp-block-image size-large\"><img loading=\"lazy\" decoding=\"async\" width=\"1024\" height=\"768\" src=\"http:\/\/maricatotal.com.br\/site\/wp-content\/uploads\/2020\/02\/F3C8D4D4-8188-42AC-9BAD-F55272A4BF3E-1024x768.jpeg\" alt=\"\" class=\"wp-image-6833\" srcset=\"https:\/\/maricatotal.com.br\/site\/wp-content\/uploads\/2020\/02\/F3C8D4D4-8188-42AC-9BAD-F55272A4BF3E-1024x768.jpeg 1024w, https:\/\/maricatotal.com.br\/site\/wp-content\/uploads\/2020\/02\/F3C8D4D4-8188-42AC-9BAD-F55272A4BF3E-300x225.jpeg 300w, https:\/\/maricatotal.com.br\/site\/wp-content\/uploads\/2020\/02\/F3C8D4D4-8188-42AC-9BAD-F55272A4BF3E-768x576.jpeg 768w, https:\/\/maricatotal.com.br\/site\/wp-content\/uploads\/2020\/02\/F3C8D4D4-8188-42AC-9BAD-F55272A4BF3E.jpeg 1500w\" sizes=\"auto, (max-width: 1024px) 100vw, 1024px\" \/><\/figure>\n\n\n\n<p>Em fun\u00e7\u00e3o do carnaval, a Prefeitura de Maric\u00e1 decretou&nbsp;ponto&nbsp;facultativo&nbsp;nas reparti\u00e7\u00f5es p\u00fablicas municipais&nbsp;nos dias 21, 24 e 26\/02.&nbsp;Com isso,&nbsp;o expediente ser\u00e1 encerrado \u00e0s 12h do&nbsp;dia 21 (sexta-feira), retornando \u00e0s 8h do dia 27\/02 (quinta-feira).<\/p>\n\n\n\n<p>O expediente ser\u00e1 normal, entretanto, sob a responsabilidade dos respectivos chefes, nas reparti\u00e7\u00f5es cujas atividades n\u00e3o possam ser suspensas, em virtude de exig\u00eancias t\u00e9cnicas ou por motivo de interesse p\u00fablico.<\/p>\n\n\n\n<p>Entre os servi\u00e7os essenciais est\u00e3o o Hospital Municipal Conde Modesto Leal (Centro), a Unidade de Pronto Atendimento (UPA) de Ino\u00e3 e a&nbsp;Unidade de Sa\u00fade 24h Santa Rita (Itaipua\u00e7u), al\u00e9m dos&nbsp;plant\u00f5es 24h da Defesa Civil, da Guarda Municipal e os servi\u00e7os de coleta de lixo.&nbsp;<\/p>\n\n\n\n<p>O decreto n\u00ba 453, de 03\/02\/2020, assinado pelo prefeito Fabiano Horta, foi publicado no Jornal Oficial do Munic\u00edpio (JOM), na edi\u00e7\u00e3o n\u00ba 1026, com data da \u00faltima quarta-feira, dia 05\/02.<\/p>\n","protected":false},"excerpt":{"rendered":"<p>Em fun\u00e7\u00e3o do carnaval, a Prefeitura de Maric\u00e1 decretou&nbsp;ponto&nbsp;facultativo&nbsp;nas reparti\u00e7\u00f5es p\u00fablicas municipais&nbsp;nos dias 21, 24 e 26\/02.&nbsp;Com isso,&nbsp;o expediente ser\u00e1<\/p>\n","protected":false},"author":1,"featured_media":0,"comment_status":"open","ping_status":"open","sticky":false,"template":"","format":"standard","meta":{"colormag_page_container_layout":"default_layout","colormag_page_sidebar_layout":"default_layout","footnotes":""},"categories":[17],"tags":[],"class_list":["post-6832","post","type-post","status-publish","format-standard","hentry","category-politica"],"amp_enabled":true,"_links":{"self":[{"href":"https:\/\/maricatotal.com.br\/site\/wp-json\/wp\/v2\/posts\/6832","targetHints":{"allow":["GET"]}}],"collection":[{"href":"https:\/\/maricatotal.com.br\/site\/wp-json\/wp\/v2\/posts"}],"about":[{"href":"https:\/\/maricatotal.com.br\/site\/wp-json\/wp\/v2\/types\/post"}],"author":[{"embeddable":true,"href":"https:\/\/maricatotal.com.br\/site\/wp-json\/wp\/v2\/users\/1"}],"replies":[{"embeddable":true,"href":"https:\/\/maricatotal.com.br\/site\/wp-json\/wp\/v2\/comments?post=6832"}],"version-history":[{"count":0,"href":"https:\/\/maricatotal.com.br\/site\/wp-json\/wp\/v2\/posts\/6832\/revisions"}],"wp:attachment":[{"href":"https:\/\/maricatotal.com.br\/site\/wp-json\/wp\/v2\/media?parent=6832"}],"wp:term":[{"taxonomy":"category","embeddable":true,"href":"https:\/\/maricatotal.com.br\/site\/wp-json\/wp\/v2\/categories?post=6832"},{"taxonomy":"post_tag","embeddable":true,"href":"https:\/\/maricatotal.com.br\/site\/wp-json\/wp\/v2\/tags?post=6832"}],"curies":[{"name":"wp","href":"https:\/\/api.w.org\/{rel}","templated":true}]}}