{"id":6945,"date":"2020-02-14T10:34:51","date_gmt":"2020-02-14T13:34:51","guid":{"rendered":"http:\/\/maricatotal.com.br\/site\/?p=6945"},"modified":"2020-02-14T10:34:53","modified_gmt":"2020-02-14T13:34:53","slug":"ponto-de-equilibrio-se-apresenta-em-ponta-negra-no-verao-marica-2020","status":"publish","type":"post","link":"https:\/\/maricatotal.com.br\/site\/2020\/02\/14\/ponto-de-equilibrio-se-apresenta-em-ponta-negra-no-verao-marica-2020\/","title":{"rendered":"PONTO DE EQUIL\u00cdBRIO SE APRESENTA EM PONTA NEGRA NO VER\u00c3O MARIC\u00c1 2020"},"content":{"rendered":"\n<figure class=\"wp-block-image size-large\"><img loading=\"lazy\" decoding=\"async\" width=\"728\" height=\"1024\" src=\"http:\/\/maricatotal.com.br\/site\/wp-content\/uploads\/2020\/02\/98D3EDE9-BE68-4DFA-817C-253437F76F3D-728x1024.jpeg\" alt=\"\" class=\"wp-image-6946\" srcset=\"https:\/\/maricatotal.com.br\/site\/wp-content\/uploads\/2020\/02\/98D3EDE9-BE68-4DFA-817C-253437F76F3D-728x1024.jpeg 728w, https:\/\/maricatotal.com.br\/site\/wp-content\/uploads\/2020\/02\/98D3EDE9-BE68-4DFA-817C-253437F76F3D-213x300.jpeg 213w, https:\/\/maricatotal.com.br\/site\/wp-content\/uploads\/2020\/02\/98D3EDE9-BE68-4DFA-817C-253437F76F3D-768x1080.jpeg 768w, https:\/\/maricatotal.com.br\/site\/wp-content\/uploads\/2020\/02\/98D3EDE9-BE68-4DFA-817C-253437F76F3D.jpeg 910w\" sizes=\"auto, (max-width: 728px) 100vw, 728px\" \/><\/figure>\n\n\n\n<p>O Festival de Ver\u00e3o Cultural de Maric\u00e1, que integra a programa\u00e7\u00e3o do Ver\u00e3o Maric\u00e1 2020, chega ao seu \u00faltimo fim de semana. Nesta sexta-feira (14\/02), em Ponta Negra, Morcego e Lourena prometem conex\u00e3o direta com a plateia atrav\u00e9s de hits como \u201cQuando Voc\u00ea Voltar\u201d e \u201cSeja Forte\u201d, ambos com mais de 15 milh\u00f5es de visualiza\u00e7\u00f5es no Youtube.<\/p>\n\n\n\n<p>Morcego comp\u00f5e a lista dos MC\u2019s e cantores mais populares do pa\u00eds por sua versatilidade em cantar e rimar. Com Lourena, a dupla deu liga e vem conquistando o p\u00fablico com carisma e simpatia.<\/p>\n\n\n\n<p>Os integrantes do Raiz do Sana se apresentam no mesmo dia. \u00c9 o seu segundo e \u00faltimo show no evento \u2013 estiveram no palco de S\u00e3o Jos\u00e9 \u2013 com forr\u00f3s como o hit \u201cPedro Mila\u201d. Depois, a banda Ponto de Equil\u00edbrio fecha a noite levando ao palco suas letras que evocam, sobretudo, o amor, dentro da filosofia rastafari. Trata-se hoje de uma das principais refer\u00eancias do reggae no pa\u00eds.<\/p>\n\n\n\n<p>J\u00e1 no s\u00e1bado (15\/02), \u00e9 a vez do grupo Um Am\u00f4 dizer ao que veio. Formado por Mariana Braga (voz e cavaquinho\/viol\u00e3o), Thalita Santos (surdo), Allana Marinho (tamborim) e Ana Beatriz Tinoco (caixa), essas meninas criadas no mundo do samba v\u00e3o do sertanejo ao forr\u00f3, de cl\u00e1ssicos da MPB ao funk e, sem pedir licen\u00e7a, tamb\u00e9m ao rock. A lista de m\u00fasicas tem como base n\u00e3o um estilo, n\u00e3o um g\u00eanero, mas um sentimento: o amor. Ent\u00e3o \u00e9 preparar a garganta para cantar junto Anitta, Wando ou Cazuza.<\/p>\n\n\n\n<p>Fica por conta de Rodrigo Sha fazer a vibra\u00e7\u00e3o do p\u00fablico no domingo (16\/02). Cantor, compositor e multi-instrumentista, manda um som especial\u00edssimo, em que mistura sonoridade eletr\u00f4nica com o toque do seu sax, resultando em composi\u00e7\u00f5es como \u201cLadeira\u201d, \u201cIt\u2019s a New Day\u201d, \u201cUma Noite e Meia\u201d e \u201cPrayer in C \u2013 123 BPM\u201d, por exemplo. Ele ganhou o Pr\u00eamio da M\u00fasica Brasileira 2014 pelo Melhor \u00c1lbum Eletr\u00f4nico, e como melhor instrumentista da cena eletr\u00f4nica pela revista DjSoud por dois anos seguidos: 2014 e 2015.<\/p>\n\n\n\n<p>Abaixo, programa\u00e7\u00e3o completa:<\/p>\n\n\n\n<p>Praia de Ponta Negra<\/p>\n\n\n\n<p>Sexta-feira (14\/02)<\/p>\n\n\n\n<p>19h \u2013 DJ Belle<\/p>\n\n\n\n<p>20h \u2013 Raiz do Sana<\/p>\n\n\n\n<p>21h \u2013 DJ Belle<\/p>\n\n\n\n<p>21h30 \u2013 Morcego e Lourena<\/p>\n\n\n\n<p>22h30\u2013 Ponto de Equil\u00edbrio<\/p>\n\n\n\n<p>Praia da Barra de Maric\u00e1 \u2013 Rua 13<\/p>\n\n\n\n<p>S\u00e1bado (15\/02)<\/p>\n\n\n\n<p>18h \u2013 Banda Cult<\/p>\n\n\n\n<p>19h30 \u2013 DJ Thayna<\/p>\n\n\n\n<p>21h \u2013 Bruna Mandz<\/p>\n\n\n\n<p>22h \u2013 Dj Thayna<\/p>\n\n\n\n<p>22h20 \u2013 Um Am\u00f4<\/p>\n\n\n\n<p>Lagoa de Ara\u00e7atiba<\/p>\n\n\n\n<p>Domingo (16\/02)<\/p>\n\n\n\n<p>19h \u2013 Dj Phillipe Ricardo<\/p>\n\n\n\n<p>19h30 \u2013 Lary<\/p>\n\n\n\n<p>20h30 \u2013 Dj Phillipe Ricardo<\/p>\n\n\n\n<p>21h \u2013 Rodrigo Sha<\/p>\n\n\n\n<p>Lagoa de Itapeba<\/p>\n\n\n\n<p>Domingo (16\/02)<\/p>\n\n\n\n<p>18h \u2013 DJ Johran<\/p>\n\n\n\n<p>19h \u2013 Forr\u00f3 Brasil<\/p>\n\n\n\n<p>20h \u2013 DJ Johran<\/p>\n\n\n\n<p>21h \u2013 Marianna Cunha<\/p>\n\n\n\n<p>21h40 \u2013 DJ Johran<\/p>\n","protected":false},"excerpt":{"rendered":"<p>O Festival de Ver\u00e3o Cultural de Maric\u00e1, que integra a programa\u00e7\u00e3o do Ver\u00e3o Maric\u00e1 2020, chega ao seu \u00faltimo fim<\/p>\n","protected":false},"author":1,"featured_media":0,"comment_status":"open","ping_status":"open","sticky":false,"template":"","format":"standard","meta":{"colormag_page_container_layout":"default_layout","colormag_page_sidebar_layout":"default_layout","footnotes":""},"categories":[18],"tags":[],"class_list":["post-6945","post","type-post","status-publish","format-standard","hentry","category-entretenimento"],"amp_enabled":true,"_links":{"self":[{"href":"https:\/\/maricatotal.com.br\/site\/wp-json\/wp\/v2\/posts\/6945","targetHints":{"allow":["GET"]}}],"collection":[{"href":"https:\/\/maricatotal.com.br\/site\/wp-json\/wp\/v2\/posts"}],"about":[{"href":"https:\/\/maricatotal.com.br\/site\/wp-json\/wp\/v2\/types\/post"}],"author":[{"embeddable":true,"href":"https:\/\/maricatotal.com.br\/site\/wp-json\/wp\/v2\/users\/1"}],"replies":[{"embeddable":true,"href":"https:\/\/maricatotal.com.br\/site\/wp-json\/wp\/v2\/comments?post=6945"}],"version-history":[{"count":0,"href":"https:\/\/maricatotal.com.br\/site\/wp-json\/wp\/v2\/posts\/6945\/revisions"}],"wp:attachment":[{"href":"https:\/\/maricatotal.com.br\/site\/wp-json\/wp\/v2\/media?parent=6945"}],"wp:term":[{"taxonomy":"category","embeddable":true,"href":"https:\/\/maricatotal.com.br\/site\/wp-json\/wp\/v2\/categories?post=6945"},{"taxonomy":"post_tag","embeddable":true,"href":"https:\/\/maricatotal.com.br\/site\/wp-json\/wp\/v2\/tags?post=6945"}],"curies":[{"name":"wp","href":"https:\/\/api.w.org\/{rel}","templated":true}]}}