{"id":6948,"date":"2020-02-14T10:40:06","date_gmt":"2020-02-14T13:40:06","guid":{"rendered":"http:\/\/maricatotal.com.br\/site\/?p=6948"},"modified":"2020-02-14T10:40:08","modified_gmt":"2020-02-14T13:40:08","slug":"inscricoes-para-o-programa-de-residencia-em-saude-da-familia-vao-ate-o-dia-21-02","status":"publish","type":"post","link":"https:\/\/maricatotal.com.br\/site\/2020\/02\/14\/inscricoes-para-o-programa-de-residencia-em-saude-da-familia-vao-ate-o-dia-21-02\/","title":{"rendered":"INSCRI\u00c7\u00d5ES PARA O PROGRAMA DE RESID\u00caNCIA EM SA\u00daDE DA FAM\u00cdLIA V\u00c3O AT\u00c9 O DIA 21\/02"},"content":{"rendered":"\n<figure class=\"wp-block-image size-large\"><img loading=\"lazy\" decoding=\"async\" width=\"1024\" height=\"683\" src=\"http:\/\/maricatotal.com.br\/site\/wp-content\/uploads\/2020\/02\/59EA8C59-9FDF-4979-AC4B-7A6035758307-1024x683.jpeg\" alt=\"\" class=\"wp-image-6949\" srcset=\"https:\/\/maricatotal.com.br\/site\/wp-content\/uploads\/2020\/02\/59EA8C59-9FDF-4979-AC4B-7A6035758307-1024x683.jpeg 1024w, https:\/\/maricatotal.com.br\/site\/wp-content\/uploads\/2020\/02\/59EA8C59-9FDF-4979-AC4B-7A6035758307-300x200.jpeg 300w, https:\/\/maricatotal.com.br\/site\/wp-content\/uploads\/2020\/02\/59EA8C59-9FDF-4979-AC4B-7A6035758307-768x512.jpeg 768w, https:\/\/maricatotal.com.br\/site\/wp-content\/uploads\/2020\/02\/59EA8C59-9FDF-4979-AC4B-7A6035758307.jpeg 1392w\" sizes=\"auto, (max-width: 1024px) 100vw, 1024px\" \/><\/figure>\n\n\n\n<p>Est\u00e3o abertas, at\u00e9 o dia 21\/02, as inscri\u00e7\u00f5es para o processo seletivo do Programa de Resid\u00eancia Multiprofissional em Sa\u00fade da Fam\u00edlia e Comunidade. Em parceria com a Universidade Santa \u00darsula (USU), do Rio, a Secretaria de Sa\u00fade de Maric\u00e1 oferece 28 vagas com bolsa-aux\u00edlio no valor de R$ 3.330.<\/p>\n\n\n\n<p>Deste total, 19 vagas s\u00e3o de ampla concorr\u00eancia e nove s\u00e3o destinadas a pessoas com defici\u00eancia, negros e \u00edndios. As oportunidades s\u00e3o para os cursos de Biomedicina (2), Ci\u00eancias Biol\u00f3gicas (1), Educa\u00e7\u00e3o F\u00edsica (4), Enfermagem (8), Farm\u00e1cia (2), Fisioterapia (2), Nutri\u00e7\u00e3o (3), Odontologia (2), Psicologia (2) e Servi\u00e7o Social (2).<\/p>\n\n\n\n<p>As inscri\u00e7\u00f5es devem ser feitas no site da universidade. Depois do preenchimento do cadastro, \u00e9 necess\u00e1rio gerar e imprimir um boleto no valor de R$ 330. O prazo para solicitar a isen\u00e7\u00e3o termina nesta sexta-feira (14\/02), utilizando o requerimento presente no edital de inscri\u00e7\u00e3o.<\/p>\n\n\n\n<p>Segundo a secret\u00e1ria de Sa\u00fade, Simone Costa, o programa \u201cResid\u00eancia Multiprofissional em Sa\u00fade da Fam\u00edlia e Comunidade\u201d, autorizado pelo Minist\u00e9rio da Educa\u00e7\u00e3o, \u00e9 uma \u201cgrande conquista para o munic\u00edpio\u201d e se soma ao Passaporte Universit\u00e1rio, benef\u00edcio gratuito concedido pela Prefeitura aos que desejam ingressar em uma universidade. Atualmente 4 mil bolsistas est\u00e3o cursando as carreiras que elegeram gra\u00e7as ao programa municipal.<\/p>\n\n\n\n<p>\u201cVamos formar aqui especialistas que temos dificuldades de encontrar em todo o Brasil como neuropediatras, cirurgi\u00f5es com especialidades de cabe\u00e7a e pesco\u00e7o e endocrinologistas. Com isso, n\u00e3o vamos depender de m\u00e9dicos que v\u00eam de outras cidades e muitas vezes n\u00e3o permanecem no munic\u00edpio. Ent\u00e3o, vamos formar pessoas que trabalhar\u00e3o aqui\u201d, celebrou a secret\u00e1ria.<\/p>\n\n\n\n<p>O exame est\u00e1 marcado para o dia 29\/02, na sede da USU, que fica na Rua Fernando Ferrari, n\u00famero 75 (continua\u00e7\u00e3o da Rua Pinheiro Machado), em Botafogo. Ser\u00e3o 30 quest\u00f5es objetivas com cada uma valendo tr\u00eas pontos, podendo o candidato alcan\u00e7ar 90 pontos. J\u00e1 a avalia\u00e7\u00e3o discursiva ter\u00e1 duas quest\u00f5es valendo cinco pontos cada. A pontua\u00e7\u00e3o m\u00e1xima da prova pode chegar a 10.<\/p>\n\n\n\n<p>Os aprovados na sele\u00e7\u00e3o ser\u00e3o convocados para realizarem suas matr\u00edculas entre os dias 9 e 20 de mar\u00e7o, das 18h \u00e0s 11h e das 13h \u00e0s 18h. Os candidatos devem apresentar toda a documenta\u00e7\u00e3o listava no edital do processo seletivo.&nbsp;<a href=\"https:\/\/www.marica.rj.gov.br\/wp-content\/uploads\/2020\/02\/Edital-Processo-Seletivo-Residentes-2020-Vers%C3%A3o-Final.pdf\">Veja o edital aqui<\/a>.<\/p>\n","protected":false},"excerpt":{"rendered":"<p>Est\u00e3o abertas, at\u00e9 o dia 21\/02, as inscri\u00e7\u00f5es para o processo seletivo do Programa de Resid\u00eancia Multiprofissional em Sa\u00fade da<\/p>\n","protected":false},"author":1,"featured_media":0,"comment_status":"open","ping_status":"open","sticky":false,"template":"","format":"standard","meta":{"colormag_page_container_layout":"default_layout","colormag_page_sidebar_layout":"default_layout","footnotes":""},"categories":[18],"tags":[],"class_list":["post-6948","post","type-post","status-publish","format-standard","hentry","category-entretenimento"],"amp_enabled":true,"_links":{"self":[{"href":"https:\/\/maricatotal.com.br\/site\/wp-json\/wp\/v2\/posts\/6948","targetHints":{"allow":["GET"]}}],"collection":[{"href":"https:\/\/maricatotal.com.br\/site\/wp-json\/wp\/v2\/posts"}],"about":[{"href":"https:\/\/maricatotal.com.br\/site\/wp-json\/wp\/v2\/types\/post"}],"author":[{"embeddable":true,"href":"https:\/\/maricatotal.com.br\/site\/wp-json\/wp\/v2\/users\/1"}],"replies":[{"embeddable":true,"href":"https:\/\/maricatotal.com.br\/site\/wp-json\/wp\/v2\/comments?post=6948"}],"version-history":[{"count":0,"href":"https:\/\/maricatotal.com.br\/site\/wp-json\/wp\/v2\/posts\/6948\/revisions"}],"wp:attachment":[{"href":"https:\/\/maricatotal.com.br\/site\/wp-json\/wp\/v2\/media?parent=6948"}],"wp:term":[{"taxonomy":"category","embeddable":true,"href":"https:\/\/maricatotal.com.br\/site\/wp-json\/wp\/v2\/categories?post=6948"},{"taxonomy":"post_tag","embeddable":true,"href":"https:\/\/maricatotal.com.br\/site\/wp-json\/wp\/v2\/tags?post=6948"}],"curies":[{"name":"wp","href":"https:\/\/api.w.org\/{rel}","templated":true}]}}