{"id":6954,"date":"2020-02-14T15:50:34","date_gmt":"2020-02-14T18:50:34","guid":{"rendered":"http:\/\/maricatotal.com.br\/site\/?p=6954"},"modified":"2020-02-14T15:52:28","modified_gmt":"2020-02-14T18:52:28","slug":"policia-civil-recupera-carro-do-delegado-da-82a-dp-roubado-na-ultima-quinta-feira","status":"publish","type":"post","link":"https:\/\/maricatotal.com.br\/site\/2020\/02\/14\/policia-civil-recupera-carro-do-delegado-da-82a-dp-roubado-na-ultima-quinta-feira\/","title":{"rendered":"POL\u00cdCIA CIVIL RECUPERA CARRO DO DELEGADO DA 82\u00aa DP ROUBADO NA \u00daLTIMA QUINTA-FEIRA"},"content":{"rendered":"\n<figure class=\"wp-block-image size-large\"><img loading=\"lazy\" decoding=\"async\" width=\"1024\" height=\"579\" src=\"http:\/\/maricatotal.com.br\/site\/wp-content\/uploads\/2020\/02\/3FDE058E-33E6-47F5-9902-2058984E49E1-1024x579.jpeg\" alt=\"\" class=\"wp-image-6955\" srcset=\"https:\/\/maricatotal.com.br\/site\/wp-content\/uploads\/2020\/02\/3FDE058E-33E6-47F5-9902-2058984E49E1-1024x579.jpeg 1024w, https:\/\/maricatotal.com.br\/site\/wp-content\/uploads\/2020\/02\/3FDE058E-33E6-47F5-9902-2058984E49E1-300x170.jpeg 300w, https:\/\/maricatotal.com.br\/site\/wp-content\/uploads\/2020\/02\/3FDE058E-33E6-47F5-9902-2058984E49E1-768x434.jpeg 768w, https:\/\/maricatotal.com.br\/site\/wp-content\/uploads\/2020\/02\/3FDE058E-33E6-47F5-9902-2058984E49E1-1536x868.jpeg 1536w, https:\/\/maricatotal.com.br\/site\/wp-content\/uploads\/2020\/02\/3FDE058E-33E6-47F5-9902-2058984E49E1.jpeg 1854w\" sizes=\"auto, (max-width: 1024px) 100vw, 1024px\" \/><figcaption>Foto: Leonardo Alves.<\/figcaption><\/figure>\n\n\n\n<p>Na tarde desta sexta-feira (14), a Pol\u00edcia Civil recuperou o carro do Delegado da 82\u00aa DP (Maric\u00e1), que \u00e9 totalmente descaracterizado e foi roubado na \u00faltima quinta-feira, no bairro do Caxito.<\/p>\n\n\n\n<p>Segundo informa\u00e7\u00f5es levantadas pelo Site Maric\u00e1 Total, o ve\u00edculo foi encontrado no bairro do Spar em ino\u00e3, pr\u00f3ximo a Escola Municipalizada Ministro Luis Sparano.<\/p>\n\n\n\n<p>Incurs\u00f5es desde a noite da \u00faltima quinta-feira estavam sendo feitas, at\u00e9 o ve\u00edculo ser encontrado.<\/p>\n\n\n\n<p>O carro foi encaminhado para a Delegacia de Maric\u00e1, aonde o caso foi registrado. <\/p>\n","protected":false},"excerpt":{"rendered":"<p>Na tarde desta sexta-feira (14), a Pol\u00edcia Civil recuperou o carro do Delegado da 82\u00aa DP (Maric\u00e1), que \u00e9 totalmente<\/p>\n","protected":false},"author":1,"featured_media":0,"comment_status":"open","ping_status":"open","sticky":false,"template":"","format":"standard","meta":{"colormag_page_container_layout":"default_layout","colormag_page_sidebar_layout":"default_layout","footnotes":""},"categories":[1],"tags":[],"class_list":["post-6954","post","type-post","status-publish","format-standard","hentry","category-noticias"],"amp_enabled":true,"_links":{"self":[{"href":"https:\/\/maricatotal.com.br\/site\/wp-json\/wp\/v2\/posts\/6954","targetHints":{"allow":["GET"]}}],"collection":[{"href":"https:\/\/maricatotal.com.br\/site\/wp-json\/wp\/v2\/posts"}],"about":[{"href":"https:\/\/maricatotal.com.br\/site\/wp-json\/wp\/v2\/types\/post"}],"author":[{"embeddable":true,"href":"https:\/\/maricatotal.com.br\/site\/wp-json\/wp\/v2\/users\/1"}],"replies":[{"embeddable":true,"href":"https:\/\/maricatotal.com.br\/site\/wp-json\/wp\/v2\/comments?post=6954"}],"version-history":[{"count":0,"href":"https:\/\/maricatotal.com.br\/site\/wp-json\/wp\/v2\/posts\/6954\/revisions"}],"wp:attachment":[{"href":"https:\/\/maricatotal.com.br\/site\/wp-json\/wp\/v2\/media?parent=6954"}],"wp:term":[{"taxonomy":"category","embeddable":true,"href":"https:\/\/maricatotal.com.br\/site\/wp-json\/wp\/v2\/categories?post=6954"},{"taxonomy":"post_tag","embeddable":true,"href":"https:\/\/maricatotal.com.br\/site\/wp-json\/wp\/v2\/tags?post=6954"}],"curies":[{"name":"wp","href":"https:\/\/api.w.org\/{rel}","templated":true}]}}