{"id":6979,"date":"2020-02-15T14:28:59","date_gmt":"2020-02-15T17:28:59","guid":{"rendered":"http:\/\/maricatotal.com.br\/site\/?p=6979"},"modified":"2020-02-15T14:29:14","modified_gmt":"2020-02-15T17:29:14","slug":"contagem-regressiva-para-o-carnaval-marica-2020","status":"publish","type":"post","link":"https:\/\/maricatotal.com.br\/site\/2020\/02\/15\/contagem-regressiva-para-o-carnaval-marica-2020\/","title":{"rendered":"CONTAGEM REGRESSIVA PARA O CARNAVAL MARIC\u00c1 2020"},"content":{"rendered":"\n<figure class=\"wp-block-image size-large\"><img loading=\"lazy\" decoding=\"async\" width=\"1024\" height=\"680\" src=\"http:\/\/maricatotal.com.br\/site\/wp-content\/uploads\/2020\/02\/D0A5C433-1733-42FB-9EA2-167FC133BEDB-1024x680.jpeg\" alt=\"\" class=\"wp-image-6980\" srcset=\"https:\/\/maricatotal.com.br\/site\/wp-content\/uploads\/2020\/02\/D0A5C433-1733-42FB-9EA2-167FC133BEDB-1024x680.jpeg 1024w, https:\/\/maricatotal.com.br\/site\/wp-content\/uploads\/2020\/02\/D0A5C433-1733-42FB-9EA2-167FC133BEDB-300x199.jpeg 300w, https:\/\/maricatotal.com.br\/site\/wp-content\/uploads\/2020\/02\/D0A5C433-1733-42FB-9EA2-167FC133BEDB-768x510.jpeg 768w, https:\/\/maricatotal.com.br\/site\/wp-content\/uploads\/2020\/02\/D0A5C433-1733-42FB-9EA2-167FC133BEDB.jpeg 1200w\" sizes=\"auto, (max-width: 1024px) 100vw, 1024px\" \/><\/figure>\n\n\n\n<p>Faltam apenas 8 dias para o Carnaval Maric\u00e1 2020. Mas todos os detalhes da festa que a prefeitura preparou para moradores e visitantes entre os dias 22 e 29\/02, atrav\u00e9s da Secretaria de Turismo, j\u00e1 foram acertados. Ser\u00e3o 10 palcos de Itaipua\u00e7u \u00e0 Ponta Negra, al\u00e9m de dois trios el\u00e9tricos, Carnaval da Fam\u00edlia e a volta do desfile das escolas de samba da cidade, na Passarela do Samba, no Centro.<\/p>\n\n\n\n<p>Este ano, o Carnaval da Fam\u00edlia acontece na Pra\u00e7a Tiradentes (Ara\u00e7atiba); Pra\u00e7a Nossa Senhora das Gra\u00e7as (Ponta Negra); Pra\u00e7a Gilmar dos Santos (S\u00e3o Jos\u00e9 do Imbassa\u00ed); Pra\u00e7a do Ferreira e Residencial Carlos Marighela (ambos em Itaipua\u00e7u) e setor C do Condom\u00ednio Carlos Alberto Soares (Ino\u00e3). Haver\u00e1 apresenta\u00e7\u00e3o da Banda Sinf\u00f4nica Ambulante, al\u00e9m de anima\u00e7\u00f5es culturais, conta\u00e7\u00e3o de hist\u00f3ria de carnaval, recrea\u00e7\u00e3o infantil e oficina de m\u00e1scaras e terer\u00ea. O evento \u00e9 indicado para pessoas de todas as idades.<\/p>\n\n\n\n<p>Quem passa pela Rua Abreu Sodr\u00e9, j\u00e1 nota a arquibancada sendo montada para a Passarela do Samba. O desfile acontece no primeiro s\u00e1bado ap\u00f3s a folia carnavalesca, no dia 29\/02. J\u00e1 confirmaram presen\u00e7a as agremia\u00e7\u00f5es Herdeiros de Maric\u00e1; Flor do Imbassa\u00ed; Camisa Azul e Branco; Tradi\u00e7\u00e3o de Maric\u00e1; Inocentes de Maric\u00e1; Unidos do Saco da Flores e Acad\u00eamicos do Ara\u00e7atiba.<\/p>\n","protected":false},"excerpt":{"rendered":"<p>Faltam apenas 8 dias para o Carnaval Maric\u00e1 2020. Mas todos os detalhes da festa que a prefeitura preparou para<\/p>\n","protected":false},"author":1,"featured_media":0,"comment_status":"open","ping_status":"open","sticky":false,"template":"","format":"standard","meta":{"colormag_page_container_layout":"default_layout","colormag_page_sidebar_layout":"default_layout","footnotes":""},"categories":[18],"tags":[],"class_list":["post-6979","post","type-post","status-publish","format-standard","hentry","category-entretenimento"],"amp_enabled":true,"_links":{"self":[{"href":"https:\/\/maricatotal.com.br\/site\/wp-json\/wp\/v2\/posts\/6979","targetHints":{"allow":["GET"]}}],"collection":[{"href":"https:\/\/maricatotal.com.br\/site\/wp-json\/wp\/v2\/posts"}],"about":[{"href":"https:\/\/maricatotal.com.br\/site\/wp-json\/wp\/v2\/types\/post"}],"author":[{"embeddable":true,"href":"https:\/\/maricatotal.com.br\/site\/wp-json\/wp\/v2\/users\/1"}],"replies":[{"embeddable":true,"href":"https:\/\/maricatotal.com.br\/site\/wp-json\/wp\/v2\/comments?post=6979"}],"version-history":[{"count":0,"href":"https:\/\/maricatotal.com.br\/site\/wp-json\/wp\/v2\/posts\/6979\/revisions"}],"wp:attachment":[{"href":"https:\/\/maricatotal.com.br\/site\/wp-json\/wp\/v2\/media?parent=6979"}],"wp:term":[{"taxonomy":"category","embeddable":true,"href":"https:\/\/maricatotal.com.br\/site\/wp-json\/wp\/v2\/categories?post=6979"},{"taxonomy":"post_tag","embeddable":true,"href":"https:\/\/maricatotal.com.br\/site\/wp-json\/wp\/v2\/tags?post=6979"}],"curies":[{"name":"wp","href":"https:\/\/api.w.org\/{rel}","templated":true}]}}