{"id":7023,"date":"2020-02-17T18:36:41","date_gmt":"2020-02-17T21:36:41","guid":{"rendered":"http:\/\/maricatotal.com.br\/site\/?p=7023"},"modified":"2020-02-17T18:36:43","modified_gmt":"2020-02-17T21:36:43","slug":"prefeitura-adere-ao-dia-d-da-campanha-nacional-contra-o-sarampo","status":"publish","type":"post","link":"https:\/\/maricatotal.com.br\/site\/2020\/02\/17\/prefeitura-adere-ao-dia-d-da-campanha-nacional-contra-o-sarampo\/","title":{"rendered":"PREFEITURA ADERE AO DIA \u201cD\u201d DA CAMPANHA NACIONAL CONTRA O SARAMPO"},"content":{"rendered":"\n<figure class=\"wp-block-image size-large\"><img loading=\"lazy\" decoding=\"async\" width=\"1024\" height=\"768\" src=\"http:\/\/maricatotal.com.br\/site\/wp-content\/uploads\/2020\/02\/C9C326BA-A900-487F-8B6D-0485077B015D-1024x768.jpeg\" alt=\"\" class=\"wp-image-7024\" srcset=\"https:\/\/maricatotal.com.br\/site\/wp-content\/uploads\/2020\/02\/C9C326BA-A900-487F-8B6D-0485077B015D-1024x768.jpeg 1024w, https:\/\/maricatotal.com.br\/site\/wp-content\/uploads\/2020\/02\/C9C326BA-A900-487F-8B6D-0485077B015D-300x225.jpeg 300w, https:\/\/maricatotal.com.br\/site\/wp-content\/uploads\/2020\/02\/C9C326BA-A900-487F-8B6D-0485077B015D-768x576.jpeg 768w, https:\/\/maricatotal.com.br\/site\/wp-content\/uploads\/2020\/02\/C9C326BA-A900-487F-8B6D-0485077B015D.jpeg 1280w\" sizes=\"auto, (max-width: 1024px) 100vw, 1024px\" \/><\/figure>\n\n\n\n<p>No dia \u201cD\u201d da campanha do Minist\u00e9rio da Sa\u00fade contra o Sarampo, que aconteceu no \u00faltimo s\u00e1bado (15\/02) em todo o pa\u00eds, a Secretaria de Sa\u00fade de Maric\u00e1 disponibilizou mais de 4.000 doses da vacina contra a doen\u00e7a. As doses foram aplicadas em seis unidades de sa\u00fade: Posto de Sa\u00fade Central, de Ponta Negra, do Barroco, de S\u00e3o Jos\u00e9 do Imbassa\u00ed II (pr\u00f3ximo \u00e0 passarela) da ESF Ino\u00e3 I e ESF Marinel\u00e2ndia, em Cordeirinho. A faixa et\u00e1ria vai desde beb\u00eas com 06 meses de idade a adultos com 59 anos.<\/p>\n\n\n\n<p>Segundo a gerente do programa de imuniza\u00e7\u00e3o do munic\u00edpio, N\u00fabia Brum, o adulto pode se vacinar, mesmo sem ter a caderneta de vacina\u00e7\u00e3o em m\u00e3os. \u201cO Sarampo foi erradicado h\u00e1 alguns anos e infelizmente o Brasil perdeu o selo de erradica\u00e7\u00e3o da doen\u00e7a por conta dos casos apresentados desde o ano retrasado. Ent\u00e3o o Minist\u00e9rio da sa\u00fade est\u00e1 fazendo um trabalho cont\u00ednuo de preven\u00e7\u00e3o, de vacina\u00e7\u00e3o em massa para que possamos conter o avan\u00e7o da doen\u00e7a. A melhor forma de prote\u00e7\u00e3o, de fato, \u00e9 a vacina\u201d, explicou a coordenadora, ressaltando que no munic\u00edpio n\u00e3o h\u00e1 registro da doen\u00e7a.<\/p>\n\n\n\n<p>Na fila do Posto de Sa\u00fade Central estava o ferrovi\u00e1rio Renato Cortes, de 53 anos. \u201cVim vacinar por causa dessa precau\u00e7\u00e3o. Estamos vendo tanta doen\u00e7a voltando. Acho que tomei essa vacina quando crian\u00e7a. Se tiver que tomar contra gripe su\u00edna e febre amarela estou tomando\u201d, argumentou o morador do Centro.<\/p>\n\n\n\n<p>Quem tamb\u00e9m foi se prevenir contra o Sarampo foi a dona de casa Zeliuma Mendon\u00e7a, de 51 anos, que j\u00e1 teve a doen\u00e7a quando crian\u00e7a, e levou suas duas filhas para que fossem imunizadas. \u201cVim traz\u00ea-las, mas chegando aqui fiquei sabendo que posso me vacinar tamb\u00e9m. Vou aproveitar a vaga e entrar na agulha para me prevenir da doen\u00e7a porque ela \u00e9 s\u00e9ria. \u00c9 bom procurar andar com a sa\u00fade em dia\u201d, frisou.<\/p>\n\n\n\n<p>Alba Val\u00e9ria, de 41 anos, n\u00e3o quis perder tempo e aproveitou o Dia \u201cD\u201d para se imunizar. \u201c\u00c9 importante. Ainda mais que morreu uma crian\u00e7a no Rio de Janeiro. As doen\u00e7as de antigamente est\u00e3o voltando, e por isso \u00e9 importante nos prevenirmos antes de acontecer\u201d, disse.<\/p>\n\n\n\n<p><\/p>\n","protected":false},"excerpt":{"rendered":"<p>No dia \u201cD\u201d da campanha do Minist\u00e9rio da Sa\u00fade contra o Sarampo, que aconteceu no \u00faltimo s\u00e1bado (15\/02) em todo<\/p>\n","protected":false},"author":1,"featured_media":0,"comment_status":"open","ping_status":"open","sticky":false,"template":"","format":"standard","meta":{"colormag_page_container_layout":"default_layout","colormag_page_sidebar_layout":"default_layout","footnotes":""},"categories":[14,18],"tags":[],"class_list":["post-7023","post","type-post","status-publish","format-standard","hentry","category-bairros","category-entretenimento"],"amp_enabled":true,"_links":{"self":[{"href":"https:\/\/maricatotal.com.br\/site\/wp-json\/wp\/v2\/posts\/7023","targetHints":{"allow":["GET"]}}],"collection":[{"href":"https:\/\/maricatotal.com.br\/site\/wp-json\/wp\/v2\/posts"}],"about":[{"href":"https:\/\/maricatotal.com.br\/site\/wp-json\/wp\/v2\/types\/post"}],"author":[{"embeddable":true,"href":"https:\/\/maricatotal.com.br\/site\/wp-json\/wp\/v2\/users\/1"}],"replies":[{"embeddable":true,"href":"https:\/\/maricatotal.com.br\/site\/wp-json\/wp\/v2\/comments?post=7023"}],"version-history":[{"count":0,"href":"https:\/\/maricatotal.com.br\/site\/wp-json\/wp\/v2\/posts\/7023\/revisions"}],"wp:attachment":[{"href":"https:\/\/maricatotal.com.br\/site\/wp-json\/wp\/v2\/media?parent=7023"}],"wp:term":[{"taxonomy":"category","embeddable":true,"href":"https:\/\/maricatotal.com.br\/site\/wp-json\/wp\/v2\/categories?post=7023"},{"taxonomy":"post_tag","embeddable":true,"href":"https:\/\/maricatotal.com.br\/site\/wp-json\/wp\/v2\/tags?post=7023"}],"curies":[{"name":"wp","href":"https:\/\/api.w.org\/{rel}","templated":true}]}}