{"id":70264,"date":"2025-05-07T10:21:45","date_gmt":"2025-05-07T13:21:45","guid":{"rendered":"https:\/\/maricatotal.com.br\/site\/?p=70264"},"modified":"2025-06-25T10:10:15","modified_gmt":"2025-06-25T13:10:15","slug":"prefeitura-de-marica-realiza-leilao-online-de-veiculos-apreendidos-no-dia-4-de-junho","status":"publish","type":"post","link":"https:\/\/maricatotal.com.br\/site\/2025\/05\/07\/prefeitura-de-marica-realiza-leilao-online-de-veiculos-apreendidos-no-dia-4-de-junho\/","title":{"rendered":"Prefeitura de Maric\u00e1 realiza leil\u00e3o online de ve\u00edculos apreendidos no dia 4 de junho"},"content":{"rendered":"\n<p>A Prefeitura de Maric\u00e1 marcou para o dia <strong>4 de junho de 2025<\/strong> um leil\u00e3o online de ve\u00edculos que foram recolhidos e n\u00e3o retirados pelos propriet\u00e1rios dentro do prazo legal de 60 dias. A medida est\u00e1 amparada no <strong>artigo 328 do C\u00f3digo de Tr\u00e2nsito Brasileiro<\/strong>, que autoriza a venda dos ve\u00edculos retidos, abandonados ou removidos.<\/p>\n\n\n\n<p>O leil\u00e3o ser\u00e1 conduzido pela <strong>leiloeira Elizabeth Christina Amorim de Almeida<\/strong>, devidamente registrada na <strong>Junta Comercial do Estado do Rio de Janeiro (JUCERJA)<\/strong>. A lista completa dos ve\u00edculos dispon\u00edveis, al\u00e9m das regras para participar, pode ser consultada no site oficial da leiloeira: <a class=\"\" href=\"https:\/\/eblonline.com.br\">eblonline.com.br<\/a>.<\/p>\n\n\n\n<p>At\u00e9 o momento, a prefeitura ainda n\u00e3o informou <strong>quantos ve\u00edculos<\/strong> ser\u00e3o leiloados nem a estimativa de <strong>arrecada\u00e7\u00e3o total<\/strong>. Os recursos obtidos com o leil\u00e3o ser\u00e3o utilizados prioritariamente para <strong>quitar d\u00e9bitos de taxas e cobrir despesas administrativas<\/strong>. Caso haja saldo positivo, o valor poder\u00e1 ser <strong>requerido pelo antigo propriet\u00e1rio<\/strong>.<\/p>\n\n\n\n<p>Os ve\u00edculos que ser\u00e3o leiloados est\u00e3o armazenados no <strong>dep\u00f3sito p\u00fablico da cidade<\/strong>, localizado na <strong>Estrada do Caxito<\/strong>, onde permanecem ap\u00f3s serem apreendidos em a\u00e7\u00f5es de tr\u00e2nsito ou por abandono em vias p\u00fablicas.<\/p>\n\n\n\n<p>O leil\u00e3o \u00e9 uma alternativa legal e eficaz para liberar espa\u00e7o nos dep\u00f3sitos e dar destino adequado a ve\u00edculos que n\u00e3o foram reclamados por seus donos, al\u00e9m de representar uma oportunidade para quem deseja adquirir ve\u00edculos a pre\u00e7os mais acess\u00edveis.<\/p>\n","protected":false},"excerpt":{"rendered":"<p>A Prefeitura de Maric\u00e1 marcou para o dia 4 de junho de 2025 um leil\u00e3o online de ve\u00edculos que foram<\/p>\n","protected":false},"author":1,"featured_media":70266,"comment_status":"open","ping_status":"open","sticky":false,"template":"","format":"standard","meta":{"colormag_page_container_layout":"default_layout","colormag_page_sidebar_layout":"default_layout","footnotes":""},"categories":[1],"tags":[],"class_list":["post-70264","post","type-post","status-publish","format-standard","has-post-thumbnail","hentry","category-noticias"],"amp_enabled":true,"_links":{"self":[{"href":"https:\/\/maricatotal.com.br\/site\/wp-json\/wp\/v2\/posts\/70264","targetHints":{"allow":["GET"]}}],"collection":[{"href":"https:\/\/maricatotal.com.br\/site\/wp-json\/wp\/v2\/posts"}],"about":[{"href":"https:\/\/maricatotal.com.br\/site\/wp-json\/wp\/v2\/types\/post"}],"author":[{"embeddable":true,"href":"https:\/\/maricatotal.com.br\/site\/wp-json\/wp\/v2\/users\/1"}],"replies":[{"embeddable":true,"href":"https:\/\/maricatotal.com.br\/site\/wp-json\/wp\/v2\/comments?post=70264"}],"version-history":[{"count":1,"href":"https:\/\/maricatotal.com.br\/site\/wp-json\/wp\/v2\/posts\/70264\/revisions"}],"predecessor-version":[{"id":70267,"href":"https:\/\/maricatotal.com.br\/site\/wp-json\/wp\/v2\/posts\/70264\/revisions\/70267"}],"wp:featuredmedia":[{"embeddable":true,"href":"https:\/\/maricatotal.com.br\/site\/wp-json\/wp\/v2\/media\/70266"}],"wp:attachment":[{"href":"https:\/\/maricatotal.com.br\/site\/wp-json\/wp\/v2\/media?parent=70264"}],"wp:term":[{"taxonomy":"category","embeddable":true,"href":"https:\/\/maricatotal.com.br\/site\/wp-json\/wp\/v2\/categories?post=70264"},{"taxonomy":"post_tag","embeddable":true,"href":"https:\/\/maricatotal.com.br\/site\/wp-json\/wp\/v2\/tags?post=70264"}],"curies":[{"name":"wp","href":"https:\/\/api.w.org\/{rel}","templated":true}]}}