{"id":7306,"date":"2020-03-02T17:26:40","date_gmt":"2020-03-02T20:26:40","guid":{"rendered":"http:\/\/maricatotal.com.br\/site\/?p=7306"},"modified":"2020-03-30T19:04:50","modified_gmt":"2020-03-30T22:04:50","slug":"prefeitura-inaugura-5-bercarios-em-escolas-infantis","status":"publish","type":"post","link":"https:\/\/maricatotal.com.br\/site\/2020\/03\/02\/prefeitura-inaugura-5-bercarios-em-escolas-infantis\/","title":{"rendered":"PREFEITURA INAUGURA 5 BER\u00c7\u00c1RIOS EM ESCOLAS INFANTIS"},"content":{"rendered":"\n<figure class=\"wp-block-image size-large\"><img loading=\"lazy\" decoding=\"async\" width=\"1024\" height=\"682\" src=\"http:\/\/maricatotal.com.br\/site\/wp-content\/uploads\/2020\/03\/AC5FB00A-6836-4C50-AD18-10C21666AFC5-1024x682.jpeg\" alt=\"\" class=\"wp-image-7307\" srcset=\"https:\/\/maricatotal.com.br\/site\/wp-content\/uploads\/2020\/03\/AC5FB00A-6836-4C50-AD18-10C21666AFC5-1024x682.jpeg 1024w, https:\/\/maricatotal.com.br\/site\/wp-content\/uploads\/2020\/03\/AC5FB00A-6836-4C50-AD18-10C21666AFC5-300x200.jpeg 300w, https:\/\/maricatotal.com.br\/site\/wp-content\/uploads\/2020\/03\/AC5FB00A-6836-4C50-AD18-10C21666AFC5-768x512.jpeg 768w, https:\/\/maricatotal.com.br\/site\/wp-content\/uploads\/2020\/03\/AC5FB00A-6836-4C50-AD18-10C21666AFC5.jpeg 1280w\" sizes=\"auto, (max-width: 1024px) 100vw, 1024px\" \/><\/figure>\n\n\n\n<p>Foram inaugurados na manh\u00e3 desta segunda-feira (02\/03) cinco ber\u00e7\u00e1rios em cinco unidades de educa\u00e7\u00e3o infantil para atender 80 beb\u00eas e crian\u00e7as matriculadas na rede municipal de ensino: Centro de Educa\u00e7\u00e3o Infantil de Maric\u00e1 (CEIM) Sidneia da Silva Costa, no Boqueir\u00e3o; CEIM Jos\u00e9 Carlos de Almeida e Silva, em Ino\u00e3; CEIM Marilza Medina, em Cordeirinho; CEIM Lucimere Melo, em Santa Paula; CEIM Val\u00e9ria Passos, em Itaipua\u00e7u.<\/p>\n\n\n\n<p>As duas salas equipadas v\u00e3o funcionar no per\u00edodo integral e cada uma tem capacidade para receber oito beb\u00eas a partir de 4 meses e crian\u00e7as de at\u00e9 2 anos de idade. Por\u00e9m, neste per\u00edodo de adapta\u00e7\u00e3o, os espa\u00e7os funcionam em dois turnos: de 8h \u00e0s 10h e de 13h \u00e0s 15h. A capacidade dos berc\u00e1rios foi estabelecida em norma municipal de forma a garantir o melhor cuidado poss\u00edvel para as crian\u00e7as.&nbsp;<\/p>\n\n\n\n<p>\u201cEssa primeira inf\u00e2ncia \u00e9 importante porque \u00e9 o momento em que os neur\u00f4nios est\u00e3o sendo formados e a escola vai consolidar o afeto, o amor, a nutri\u00e7\u00e3o, a seguran\u00e7a e a sa\u00fade dessas crian\u00e7as\u201d, afirmou a secret\u00e1ria de Educa\u00e7\u00e3o, Adriana Luiza da Costa.<\/p>\n\n\n\n<p>No CEIM Sidneia da Silva Costa, os pais se sentiam confiantes em deixar os pequenos com a equipe formada por duas professoras e duas auxiliares qualificadas para exercerem a fun\u00e7\u00e3o, como foi o caso da balconista Let\u00edcia Fonseca, de 19 anos.&nbsp;<\/p>\n\n\n\n<p>\u201c\u00c9 muito bom e facilita muito a nossa vida. Hoje em dia, arrumar alguma pessoa de confian\u00e7a est\u00e1 muito caro. Temos que trabalhar para pagar os outros para tomar conta de uma crian\u00e7a. Tendo o ber\u00e7\u00e1rio fica muito mais em conta\u201d, relatou a m\u00e3e do Davi Matheus, de 5 meses.<\/p>\n\n\n\n<p>&nbsp;Quem tamb\u00e9m demonstrou satisfa\u00e7\u00e3o no trabalho realizado pela Prefeitura foi a manicure J\u00falia da Concei\u00e7\u00e3o, de 21 anos.<\/p>\n\n\n\n<p>\u201cEstou muito feliz de ter um lugar que a Prefeitura nos proporcionou para cuidar dos nossos filhos. Estou gostando muito das meninas e de toda a equipe. Elas s\u00e3o muito atenciosas com minha filha\u201d, disse a moradora de Ara\u00e7atiba.<\/p>\n\n\n\n<p>O ber\u00e7\u00e1rio possui um frald\u00e1rio equipado, uma sala de amamenta\u00e7\u00e3o para crian\u00e7as que ainda precisem de aleitamento materno, uma nutricionista especialista em alimenta\u00e7\u00e3o infantil, lact\u00e1rio, al\u00e9m de brinquedos pedag\u00f3gicos l\u00fadicos para a distra\u00e7\u00e3o dos pequenos.&nbsp;<\/p>\n\n\n\n<p>\u201c\u00c9 muito importante enquanto escola termos a participa\u00e7\u00e3o da fam\u00edlia. Costumo falar que na minha \u00e9poca n\u00e3o tinha isso. Ent\u00e3o temos que abra\u00e7ar com unhas e dentes essa oportunidade que o munic\u00edpio est\u00e1 ofertando. Estou muito feliz\u201d, discursou a diretora da unidade, Patr\u00edcia Ornelas.<\/p>\n\n\n\n<p>O CEIM Sidneia da Silva Costa possui cerca de 200 alunos com idades que variam de 5 meses a 5 anos de idade.<\/p>\n","protected":false},"excerpt":{"rendered":"<p>Foram inaugurados na manh\u00e3 desta segunda-feira (02\/03) cinco ber\u00e7\u00e1rios em cinco unidades de educa\u00e7\u00e3o infantil para atender 80 beb\u00eas e<\/p>\n","protected":false},"author":1,"featured_media":0,"comment_status":"open","ping_status":"open","sticky":false,"template":"","format":"standard","meta":{"colormag_page_container_layout":"default_layout","colormag_page_sidebar_layout":"default_layout","footnotes":""},"categories":[14,18],"tags":[],"class_list":["post-7306","post","type-post","status-publish","format-standard","hentry","category-bairros","category-entretenimento"],"amp_enabled":true,"_links":{"self":[{"href":"https:\/\/maricatotal.com.br\/site\/wp-json\/wp\/v2\/posts\/7306","targetHints":{"allow":["GET"]}}],"collection":[{"href":"https:\/\/maricatotal.com.br\/site\/wp-json\/wp\/v2\/posts"}],"about":[{"href":"https:\/\/maricatotal.com.br\/site\/wp-json\/wp\/v2\/types\/post"}],"author":[{"embeddable":true,"href":"https:\/\/maricatotal.com.br\/site\/wp-json\/wp\/v2\/users\/1"}],"replies":[{"embeddable":true,"href":"https:\/\/maricatotal.com.br\/site\/wp-json\/wp\/v2\/comments?post=7306"}],"version-history":[{"count":0,"href":"https:\/\/maricatotal.com.br\/site\/wp-json\/wp\/v2\/posts\/7306\/revisions"}],"wp:attachment":[{"href":"https:\/\/maricatotal.com.br\/site\/wp-json\/wp\/v2\/media?parent=7306"}],"wp:term":[{"taxonomy":"category","embeddable":true,"href":"https:\/\/maricatotal.com.br\/site\/wp-json\/wp\/v2\/categories?post=7306"},{"taxonomy":"post_tag","embeddable":true,"href":"https:\/\/maricatotal.com.br\/site\/wp-json\/wp\/v2\/tags?post=7306"}],"curies":[{"name":"wp","href":"https:\/\/api.w.org\/{rel}","templated":true}]}}