{"id":74447,"date":"2026-01-20T09:53:15","date_gmt":"2026-01-20T12:53:15","guid":{"rendered":"https:\/\/maricatotal.com.br\/site\/?p=74447"},"modified":"2026-01-31T13:52:01","modified_gmt":"2026-01-31T16:52:01","slug":"marinha-intensifica-buscas-por-embarcacao-desaparecida-com-seis-tripulantes-em-marica","status":"publish","type":"post","link":"https:\/\/maricatotal.com.br\/site\/2026\/01\/20\/marinha-intensifica-buscas-por-embarcacao-desaparecida-com-seis-tripulantes-em-marica\/","title":{"rendered":"Marinha intensifica buscas por embarca\u00e7\u00e3o desaparecida com seis tripulantes em Maric\u00e1"},"content":{"rendered":"\n<p>A <strong>Marinha do Brasil<\/strong> mobilizou uma opera\u00e7\u00e3o de grande porte para localizar uma embarca\u00e7\u00e3o que desapareceu na costa de <strong>Maric\u00e1<\/strong>, na Regi\u00e3o dos Lagos, com seis pessoas a bordo. O sumi\u00e7o foi percebido na sexta-feira (16), ap\u00f3s o barco deixar de emitir sinal de posi\u00e7\u00e3o e ficar sem comunica\u00e7\u00e3o nas proximidades de <strong>Ponta Negra<\/strong>.<\/p>\n\n\n\n<p>Assim que a aus\u00eancia de contato foi confirmada, a Marinha emitiu um alerta de busca e salvamento para todas as embarca\u00e7\u00f5es que navegavam na \u00e1rea, solicitando aten\u00e7\u00e3o redobrada e informa\u00e7\u00f5es que pudessem auxiliar na localiza\u00e7\u00e3o do barco.<\/p>\n\n\n\n<p>Sem retorno positivo nas primeiras horas, no s\u00e1bado (17) foi oficialmente ativada uma Opera\u00e7\u00e3o de Busca e Salvamento (SAR). Inicialmente, passou a atuar o Aviso de Patrulha Marlim, que j\u00e1 se encontrava nas imedia\u00e7\u00f5es. Em seguida, as buscas foram refor\u00e7adas com o emprego do Navio-Patrulha Gurupi, classificado como Navio de Socorro Distrital.<\/p>\n\n\n\n<p>A opera\u00e7\u00e3o tamb\u00e9m conta com apoio a\u00e9reo. A Marinha solicitou suporte ao SALVAERO Curitiba, que deslocou uma aeronave modelo SC-105 para ampliar o alcance das varreduras. A previs\u00e3o \u00e9 de que o avi\u00e3o chegue \u00e0 \u00e1rea de buscas ainda na tarde deste domingo (18), intensificando os trabalhos.<\/p>\n\n\n\n<p>Paralelamente \u00e0s a\u00e7\u00f5es de resgate, a Marinha informou que ser\u00e1 instaurado um Inqu\u00e9rito Administrativo sobre Acidentes e Fatos da Navega\u00e7\u00e3o (IAFN). O procedimento tem como objetivo apurar as circunst\u00e2ncias do desaparecimento, poss\u00edveis falhas, al\u00e9m de eventuais responsabilidades relacionadas ao caso.<\/p>\n\n\n\n<p>A corpora\u00e7\u00e3o refor\u00e7a o pedido de colabora\u00e7\u00e3o da popula\u00e7\u00e3o e de navegantes que possam ter visto algo fora do comum na regi\u00e3o. Informa\u00e7\u00f5es podem ser repassadas pelos telefones <strong>185<\/strong> (emerg\u00eancias mar\u00edtimas e fluviais), <strong>(21) 2104-6119<\/strong> e <strong>(21) 97515-7895<\/strong>, canais do Comando do 1\u00ba Distrito Naval.<\/p>\n","protected":false},"excerpt":{"rendered":"<p>A Marinha do Brasil mobilizou uma opera\u00e7\u00e3o de grande porte para localizar uma embarca\u00e7\u00e3o que desapareceu na costa de Maric\u00e1,<\/p>\n","protected":false},"author":1,"featured_media":74449,"comment_status":"open","ping_status":"open","sticky":false,"template":"","format":"standard","meta":{"colormag_page_container_layout":"default_layout","colormag_page_sidebar_layout":"default_layout","footnotes":""},"categories":[1],"tags":[],"class_list":["post-74447","post","type-post","status-publish","format-standard","has-post-thumbnail","hentry","category-noticias"],"amp_enabled":true,"_links":{"self":[{"href":"https:\/\/maricatotal.com.br\/site\/wp-json\/wp\/v2\/posts\/74447","targetHints":{"allow":["GET"]}}],"collection":[{"href":"https:\/\/maricatotal.com.br\/site\/wp-json\/wp\/v2\/posts"}],"about":[{"href":"https:\/\/maricatotal.com.br\/site\/wp-json\/wp\/v2\/types\/post"}],"author":[{"embeddable":true,"href":"https:\/\/maricatotal.com.br\/site\/wp-json\/wp\/v2\/users\/1"}],"replies":[{"embeddable":true,"href":"https:\/\/maricatotal.com.br\/site\/wp-json\/wp\/v2\/comments?post=74447"}],"version-history":[{"count":1,"href":"https:\/\/maricatotal.com.br\/site\/wp-json\/wp\/v2\/posts\/74447\/revisions"}],"predecessor-version":[{"id":74450,"href":"https:\/\/maricatotal.com.br\/site\/wp-json\/wp\/v2\/posts\/74447\/revisions\/74450"}],"wp:featuredmedia":[{"embeddable":true,"href":"https:\/\/maricatotal.com.br\/site\/wp-json\/wp\/v2\/media\/74449"}],"wp:attachment":[{"href":"https:\/\/maricatotal.com.br\/site\/wp-json\/wp\/v2\/media?parent=74447"}],"wp:term":[{"taxonomy":"category","embeddable":true,"href":"https:\/\/maricatotal.com.br\/site\/wp-json\/wp\/v2\/categories?post=74447"},{"taxonomy":"post_tag","embeddable":true,"href":"https:\/\/maricatotal.com.br\/site\/wp-json\/wp\/v2\/tags?post=74447"}],"curies":[{"name":"wp","href":"https:\/\/api.w.org\/{rel}","templated":true}]}}