{"id":74459,"date":"2026-01-20T14:45:03","date_gmt":"2026-01-20T17:45:03","guid":{"rendered":"https:\/\/maricatotal.com.br\/site\/?p=74459"},"modified":"2026-01-31T13:52:09","modified_gmt":"2026-01-31T16:52:09","slug":"homem-que-matou-padrasto-em-sao-goncalo-ja-era-acusado-de-outro-homicidio-e-atropelamento-fatal","status":"publish","type":"post","link":"https:\/\/maricatotal.com.br\/site\/2026\/01\/20\/homem-que-matou-padrasto-em-sao-goncalo-ja-era-acusado-de-outro-homicidio-e-atropelamento-fatal\/","title":{"rendered":"Homem que matou padrasto em S\u00e3o Gon\u00e7alo j\u00e1 era acusado de outro homic\u00eddio e atropelamento fatal"},"content":{"rendered":"\n<p>A <strong>Delegacia de Homic\u00eddios de Niter\u00f3i<\/strong> prendeu, nesta segunda-feira, <strong>Oldenir de Almeida Filho<\/strong>, de 24 anos, apontado como autor do disparo que matou o pr\u00f3prio padrasto, <strong>Rudson Fernando da Silva Barreto<\/strong>, no \u00faltimo domingo. A pris\u00e3o ocorreu em S\u00e3o Gon\u00e7alo, e com o suspeito foi apreendida a arma que teria sido utilizada no crime.<\/p>\n\n\n\n<p>Segundo as investiga\u00e7\u00f5es iniciais, o assassinato teria sido motivado por uma discuss\u00e3o familiar. Durante o epis\u00f3dio, a irm\u00e3 do suspeito, uma adolescente de 15 anos, acabou sendo atingida por um tiro no p\u00e9. Ela foi socorrida e transferida para o Hospital Estadual Azevedo Lima, no bairro do Fonseca, em Niter\u00f3i. Ap\u00f3s os disparos, Oldenir fugiu do local em um carro, mas acabou localizado e preso ap\u00f3s dilig\u00eancias da Pol\u00edcia Civil.<\/p>\n\n\n\n<p>Em nota, a Pol\u00edcia Civil informou que a per\u00edcia t\u00e9cnica foi realizada no local do crime e que outras apura\u00e7\u00f5es seguem em andamento para esclarecer completamente as circunst\u00e2ncias do homic\u00eddio.<\/p>\n\n\n\n<h3 class=\"wp-block-heading\">Hist\u00f3rico criminal grave<\/h3>\n\n\n\n<p>O caso ganha contornos ainda mais graves devido ao hist\u00f3rico criminal do preso. Oldenir j\u00e1 havia sido detido no Distrito Federal, em 2024, ap\u00f3s atropelar dois policiais durante uma tentativa de fuga. Na ocasi\u00e3o, ele estava foragido da Justi\u00e7a do Rio de Janeiro por envolvimento em outro crime fatal.<\/p>\n\n\n\n<p>Em dezembro de 2022, Oldenir foi denunciado por atropelar e matar um entregador dos Correios no munic\u00edpio de Mendes, no interior do estado. De acordo com o processo, ele conduzia uma caminhonete quando colidiu violentamente contra a motocicleta da v\u00edtima, que trabalhava no momento do acidente. O impacto foi fatal, e o motorista deixou o local sem prestar socorro.<\/p>\n\n\n\n<p>Testemunhas relataram que o ve\u00edculo estava em alta velocidade e n\u00e3o reduziu ao passar por um redutor, atingindo diretamente a moto. O laudo de necropsia apontou que o carteiro morreu em decorr\u00eancia de politraumatismo causado pelo atropelamento.<\/p>\n\n\n\n<p>Ap\u00f3s o acidente, colegas da v\u00edtima seguiram o carro at\u00e9 o centro da cidade, onde policiais militares conseguiram realizar a abordagem. No interior do ve\u00edculo, foram encontrados ind\u00edcios de uso de drogas, e o motorista acabou respondendo por homic\u00eddio, omiss\u00e3o de socorro, fuga do local do acidente e condu\u00e7\u00e3o sob efeito de subst\u00e2ncias psicoativas.<\/p>\n\n\n\n<p>Agora, novamente sob cust\u00f3dia, Oldenir permanece \u00e0 disposi\u00e7\u00e3o da Justi\u00e7a enquanto a Pol\u00edcia Civil aprofunda as investiga\u00e7\u00f5es sobre o homic\u00eddio ocorrido em S\u00e3o Gon\u00e7alo.<\/p>\n","protected":false},"excerpt":{"rendered":"<p>A Delegacia de Homic\u00eddios de Niter\u00f3i prendeu, nesta segunda-feira, Oldenir de Almeida Filho, de 24 anos, apontado como autor do<\/p>\n","protected":false},"author":1,"featured_media":74461,"comment_status":"open","ping_status":"open","sticky":false,"template":"","format":"standard","meta":{"colormag_page_container_layout":"default_layout","colormag_page_sidebar_layout":"default_layout","footnotes":""},"categories":[1],"tags":[],"class_list":["post-74459","post","type-post","status-publish","format-standard","has-post-thumbnail","hentry","category-noticias"],"amp_enabled":true,"_links":{"self":[{"href":"https:\/\/maricatotal.com.br\/site\/wp-json\/wp\/v2\/posts\/74459","targetHints":{"allow":["GET"]}}],"collection":[{"href":"https:\/\/maricatotal.com.br\/site\/wp-json\/wp\/v2\/posts"}],"about":[{"href":"https:\/\/maricatotal.com.br\/site\/wp-json\/wp\/v2\/types\/post"}],"author":[{"embeddable":true,"href":"https:\/\/maricatotal.com.br\/site\/wp-json\/wp\/v2\/users\/1"}],"replies":[{"embeddable":true,"href":"https:\/\/maricatotal.com.br\/site\/wp-json\/wp\/v2\/comments?post=74459"}],"version-history":[{"count":1,"href":"https:\/\/maricatotal.com.br\/site\/wp-json\/wp\/v2\/posts\/74459\/revisions"}],"predecessor-version":[{"id":74462,"href":"https:\/\/maricatotal.com.br\/site\/wp-json\/wp\/v2\/posts\/74459\/revisions\/74462"}],"wp:featuredmedia":[{"embeddable":true,"href":"https:\/\/maricatotal.com.br\/site\/wp-json\/wp\/v2\/media\/74461"}],"wp:attachment":[{"href":"https:\/\/maricatotal.com.br\/site\/wp-json\/wp\/v2\/media?parent=74459"}],"wp:term":[{"taxonomy":"category","embeddable":true,"href":"https:\/\/maricatotal.com.br\/site\/wp-json\/wp\/v2\/categories?post=74459"},{"taxonomy":"post_tag","embeddable":true,"href":"https:\/\/maricatotal.com.br\/site\/wp-json\/wp\/v2\/tags?post=74459"}],"curies":[{"name":"wp","href":"https:\/\/api.w.org\/{rel}","templated":true}]}}