{"id":74474,"date":"2026-01-20T20:33:15","date_gmt":"2026-01-20T23:33:15","guid":{"rendered":"https:\/\/maricatotal.com.br\/site\/?p=74474"},"modified":"2026-01-31T13:52:15","modified_gmt":"2026-01-31T16:52:15","slug":"suspeito-de-roubo-a-loja-feminina-e-preso-apos-reconhecimento-da-vitima-em-marica","status":"publish","type":"post","link":"https:\/\/maricatotal.com.br\/site\/2026\/01\/20\/suspeito-de-roubo-a-loja-feminina-e-preso-apos-reconhecimento-da-vitima-em-marica\/","title":{"rendered":"Suspeito de roubo a loja feminina \u00e9 preso ap\u00f3s reconhecimento da v\u00edtima em Maric\u00e1"},"content":{"rendered":"\n<p>Um homem foi preso nesta ter\u00e7a-feira(20) ap\u00f3s ser apontado como autor de um roubo a estabelecimento comercial no bairro do Flamengo, em Maric\u00e1. A pris\u00e3o foi realizada por agentes do PATAMO da 6\u00aa Companhia, que intensificavam o patrulhamento na regi\u00e3o por determina\u00e7\u00e3o do comando da unidade.<\/p>\n\n\n\n<p>O crime ocorreu na Avenida Roberto Silveira, na altura do n\u00famero 2300, em uma loja de roupas femininas. Durante as buscas, a guarni\u00e7\u00e3o recebeu informa\u00e7\u00f5es sobre a poss\u00edvel localiza\u00e7\u00e3o do suspeito e seguiu imediatamente at\u00e9 o endere\u00e7o indicado, na Rua 21, em Ara\u00e7atiba.<\/p>\n\n\n\n<p>No local, populares sinalizaram que o homem tentava se esconder no final da via. O suspeito foi localizado, abordado e conduzido \u00e0 <a href=\"chatgpt:\/\/generic-entity?number=0\">82\u00aa DP<\/a>, onde a v\u00edtima j\u00e1 se encontrava.<\/p>\n\n\n\n<p>Na delegacia, a comerciante reconheceu formalmente o acusado como autor do roubo e apresentou imagens do sistema de seguran\u00e7a do estabelecimento. Segundo o relato, o preju\u00edzo causado pela a\u00e7\u00e3o criminosa foi de aproximadamente R$ 2.500 em dinheiro.<\/p>\n\n\n\n<p>Durante a abordagem, os policiais apreenderam R$ 680 em esp\u00e9cie e quatro pinos contendo material semelhante a crack, que tamb\u00e9m foram apresentados \u00e0 autoridade policial.<\/p>\n\n\n\n<p>O caso foi registrado na 82\u00aa DP, e o suspeito permaneceu \u00e0 disposi\u00e7\u00e3o da Justi\u00e7a para os procedimentos legais cab\u00edveis. A Pol\u00edcia Militar refor\u00e7ou que o patrulhamento seguir\u00e1 intensificado em \u00e1reas comerciais para coibir novos crimes.<\/p>\n","protected":false},"excerpt":{"rendered":"<p>Um homem foi preso nesta ter\u00e7a-feira(20) ap\u00f3s ser apontado como autor de um roubo a estabelecimento comercial no bairro do<\/p>\n","protected":false},"author":1,"featured_media":74476,"comment_status":"open","ping_status":"open","sticky":false,"template":"","format":"standard","meta":{"colormag_page_container_layout":"default_layout","colormag_page_sidebar_layout":"default_layout","footnotes":""},"categories":[1],"tags":[],"class_list":["post-74474","post","type-post","status-publish","format-standard","has-post-thumbnail","hentry","category-noticias"],"amp_enabled":true,"_links":{"self":[{"href":"https:\/\/maricatotal.com.br\/site\/wp-json\/wp\/v2\/posts\/74474","targetHints":{"allow":["GET"]}}],"collection":[{"href":"https:\/\/maricatotal.com.br\/site\/wp-json\/wp\/v2\/posts"}],"about":[{"href":"https:\/\/maricatotal.com.br\/site\/wp-json\/wp\/v2\/types\/post"}],"author":[{"embeddable":true,"href":"https:\/\/maricatotal.com.br\/site\/wp-json\/wp\/v2\/users\/1"}],"replies":[{"embeddable":true,"href":"https:\/\/maricatotal.com.br\/site\/wp-json\/wp\/v2\/comments?post=74474"}],"version-history":[{"count":1,"href":"https:\/\/maricatotal.com.br\/site\/wp-json\/wp\/v2\/posts\/74474\/revisions"}],"predecessor-version":[{"id":74477,"href":"https:\/\/maricatotal.com.br\/site\/wp-json\/wp\/v2\/posts\/74474\/revisions\/74477"}],"wp:featuredmedia":[{"embeddable":true,"href":"https:\/\/maricatotal.com.br\/site\/wp-json\/wp\/v2\/media\/74476"}],"wp:attachment":[{"href":"https:\/\/maricatotal.com.br\/site\/wp-json\/wp\/v2\/media?parent=74474"}],"wp:term":[{"taxonomy":"category","embeddable":true,"href":"https:\/\/maricatotal.com.br\/site\/wp-json\/wp\/v2\/categories?post=74474"},{"taxonomy":"post_tag","embeddable":true,"href":"https:\/\/maricatotal.com.br\/site\/wp-json\/wp\/v2\/tags?post=74474"}],"curies":[{"name":"wp","href":"https:\/\/api.w.org\/{rel}","templated":true}]}}