{"id":74507,"date":"2026-01-23T13:36:11","date_gmt":"2026-01-23T16:36:11","guid":{"rendered":"https:\/\/maricatotal.com.br\/site\/?p=74507"},"modified":"2026-01-31T13:55:11","modified_gmt":"2026-01-31T16:55:11","slug":"samu-de-marica-opera-com-frota-reduzida-e-morte-em-bambui-expoe-falhas","status":"publish","type":"post","link":"https:\/\/maricatotal.com.br\/site\/2026\/01\/23\/samu-de-marica-opera-com-frota-reduzida-e-morte-em-bambui-expoe-falhas\/","title":{"rendered":"SAMU de Maric\u00e1 opera com frota reduzida e morte em Bambu\u00ed exp\u00f5e falhas"},"content":{"rendered":"\n<p>O atendimento de emerg\u00eancia em Maric\u00e1 atravessa um momento cr\u00edtico. Informa\u00e7\u00f5es apontam que o <strong>Servi\u00e7o de Atendimento M\u00f3vel de Urg\u00eancia (SAMU)<\/strong> estaria funcionando atualmente com <strong>apenas duas ambul\u00e2ncias ativas<\/strong>, quando o previsto seriam seis ve\u00edculos distribu\u00eddos entre as bases do Centro, Itaipua\u00e7u e Ponta Negra.<\/p>\n\n\n\n<p>Segundo relatos, <strong>quatro ambul\u00e2ncias est\u00e3o fora de circula\u00e7\u00e3o por falhas mec\u00e2nicas<\/strong> e permanecem sem manuten\u00e7\u00e3o desde dezembro. A paralisa\u00e7\u00e3o dos reparos teria ocorrido ap\u00f3s a rescis\u00e3o do contrato com a Organiza\u00e7\u00e3o Social de Sa\u00fade <strong>Associa\u00e7\u00e3o Hospital Psiqui\u00e1trico Esp\u00edrita Mahatma Gandhi<\/strong>, respons\u00e1vel pela administra\u00e7\u00e3o do servi\u00e7o. Com o rompimento, a OSS teria interrompido a manuten\u00e7\u00e3o da frota, a aquisi\u00e7\u00e3o de insumos e a reposi\u00e7\u00e3o de equipamentos essenciais.<\/p>\n\n\n\n<p>A entidade esteve no centro de investiga\u00e7\u00f5es da Pol\u00edcia Federal em 2025, que culminaram na pris\u00e3o de seu presidente, suspeito de envolvimento em esquemas de corrup\u00e7\u00e3o e lavagem de dinheiro. Diante do agravamento da situa\u00e7\u00e3o, a Prefeitura de Maric\u00e1 decretou interven\u00e7\u00e3o administrativa no contrato ainda em agosto do ano passado, assumindo provisoriamente a gest\u00e3o do SAMU e o pagamento dos sal\u00e1rios, numa tentativa de evitar a paralisa\u00e7\u00e3o total do servi\u00e7o.<\/p>\n\n\n\n<p>Apesar da interven\u00e7\u00e3o, a redu\u00e7\u00e3o da frota tem impactado diretamente o atendimento \u00e0 popula\u00e7\u00e3o. Moradores de bairros mais distantes relatam <strong>demora excessiva no socorro<\/strong>, enquanto as bases de Itaipua\u00e7u e Ponta Negra estariam, em diversos momentos, sem ambul\u00e2ncias dispon\u00edveis. Profissionais do servi\u00e7o afirmam enfrentar condi\u00e7\u00f5es prec\u00e1rias de trabalho e forte press\u00e3o da popula\u00e7\u00e3o, que, em situa\u00e7\u00f5es extremas, diz ser obrigada a transportar pacientes em ve\u00edculos particulares.<\/p>\n\n\n\n<h3 class=\"wp-block-heading\">Morte em Bambu\u00ed gera revolta<\/h3>\n\n\n\n<p>A fragilidade do sistema veio \u00e0 tona de forma ainda mais contundente ap\u00f3s a <strong>morte de uma idosa com c\u00e2ncer em est\u00e1gio avan\u00e7ado<\/strong>, no bairro Bambu\u00ed. Familiares afirmam que tentaram, por dias consecutivos, acionar o SAMU sem obter atendimento. O caso provocou indigna\u00e7\u00e3o entre moradores, que realizaram protestos e chegaram a bloquear uma via da regi\u00e3o.<\/p>\n\n\n\n<p>A manifesta\u00e7\u00e3o mobilizou equipes da Guarda Municipal e do PATAMO, enquanto o epis\u00f3dio reacendeu o debate sobre a capacidade de resposta do servi\u00e7o de urg\u00eancia no munic\u00edpio e a necessidade de solu\u00e7\u00f5es imediatas para evitar novas trag\u00e9dias.<\/p>\n","protected":false},"excerpt":{"rendered":"<p>O atendimento de emerg\u00eancia em Maric\u00e1 atravessa um momento cr\u00edtico. Informa\u00e7\u00f5es apontam que o Servi\u00e7o de Atendimento M\u00f3vel de Urg\u00eancia<\/p>\n","protected":false},"author":1,"featured_media":15930,"comment_status":"open","ping_status":"open","sticky":false,"template":"","format":"standard","meta":{"colormag_page_container_layout":"default_layout","colormag_page_sidebar_layout":"default_layout","footnotes":""},"categories":[1],"tags":[],"class_list":["post-74507","post","type-post","status-publish","format-standard","has-post-thumbnail","hentry","category-noticias"],"amp_enabled":true,"_links":{"self":[{"href":"https:\/\/maricatotal.com.br\/site\/wp-json\/wp\/v2\/posts\/74507","targetHints":{"allow":["GET"]}}],"collection":[{"href":"https:\/\/maricatotal.com.br\/site\/wp-json\/wp\/v2\/posts"}],"about":[{"href":"https:\/\/maricatotal.com.br\/site\/wp-json\/wp\/v2\/types\/post"}],"author":[{"embeddable":true,"href":"https:\/\/maricatotal.com.br\/site\/wp-json\/wp\/v2\/users\/1"}],"replies":[{"embeddable":true,"href":"https:\/\/maricatotal.com.br\/site\/wp-json\/wp\/v2\/comments?post=74507"}],"version-history":[{"count":1,"href":"https:\/\/maricatotal.com.br\/site\/wp-json\/wp\/v2\/posts\/74507\/revisions"}],"predecessor-version":[{"id":74509,"href":"https:\/\/maricatotal.com.br\/site\/wp-json\/wp\/v2\/posts\/74507\/revisions\/74509"}],"wp:featuredmedia":[{"embeddable":true,"href":"https:\/\/maricatotal.com.br\/site\/wp-json\/wp\/v2\/media\/15930"}],"wp:attachment":[{"href":"https:\/\/maricatotal.com.br\/site\/wp-json\/wp\/v2\/media?parent=74507"}],"wp:term":[{"taxonomy":"category","embeddable":true,"href":"https:\/\/maricatotal.com.br\/site\/wp-json\/wp\/v2\/categories?post=74507"},{"taxonomy":"post_tag","embeddable":true,"href":"https:\/\/maricatotal.com.br\/site\/wp-json\/wp\/v2\/tags?post=74507"}],"curies":[{"name":"wp","href":"https:\/\/api.w.org\/{rel}","templated":true}]}}