{"id":7451,"date":"2020-03-09T19:13:10","date_gmt":"2020-03-09T22:13:10","guid":{"rendered":"http:\/\/maricatotal.com.br\/site\/?p=7451"},"modified":"2020-03-30T19:04:39","modified_gmt":"2020-03-30T22:04:39","slug":"prefeitura-oferece-300-vagas-no-projeto-pre-encceja","status":"publish","type":"post","link":"https:\/\/maricatotal.com.br\/site\/2020\/03\/09\/prefeitura-oferece-300-vagas-no-projeto-pre-encceja\/","title":{"rendered":"PREFEITURA OFERECE 300 VAGAS NO PROJETO PR\u00c9-ENCCEJA"},"content":{"rendered":"\n<figure class=\"wp-block-image size-large\"><img loading=\"lazy\" decoding=\"async\" width=\"1024\" height=\"768\" src=\"http:\/\/maricatotal.com.br\/site\/wp-content\/uploads\/2020\/03\/F66B6E3A-0AEA-4BB9-B2CB-4BA38539D7BD-1024x768.jpeg\" alt=\"\" class=\"wp-image-7452\" srcset=\"https:\/\/maricatotal.com.br\/site\/wp-content\/uploads\/2020\/03\/F66B6E3A-0AEA-4BB9-B2CB-4BA38539D7BD-1024x768.jpeg 1024w, https:\/\/maricatotal.com.br\/site\/wp-content\/uploads\/2020\/03\/F66B6E3A-0AEA-4BB9-B2CB-4BA38539D7BD-300x225.jpeg 300w, https:\/\/maricatotal.com.br\/site\/wp-content\/uploads\/2020\/03\/F66B6E3A-0AEA-4BB9-B2CB-4BA38539D7BD-768x576.jpeg 768w, https:\/\/maricatotal.com.br\/site\/wp-content\/uploads\/2020\/03\/F66B6E3A-0AEA-4BB9-B2CB-4BA38539D7BD.jpeg 1392w\" sizes=\"auto, (max-width: 1024px) 100vw, 1024px\" \/><\/figure>\n\n\n\n<p>Nunca \u00e9 tarde para voltar a estudar. Come\u00e7a nesta ter\u00e7a-feira, 10\/03, e vai at\u00e9 o dia 29\/03, as inscri\u00e7\u00f5es&nbsp;de mais uma edi\u00e7\u00e3o do projeto Pr\u00e9-Encceja. O projeto da Prefeitura, vinculado \u00e0 Secretaria de Educa\u00e7\u00e3o, &nbsp;vai oferecer 300 vagas para jovens e adultos em um curso intensivo preparat\u00f3rio para o Exame Nacional Para Certifica\u00e7\u00e3o de Compet\u00eancias de Jovens e Adultos (Encceja).<\/p>\n\n\n\n<p>O programa, iniciado nos condom\u00ednios do Minha Casa Minha Vida de Ino\u00e3 e Itaipua\u00e7u, completa tr\u00eas anos em 2020, e agora tamb\u00e9m passa a oferecer aulas no Centro da cidade. At\u00e9 agora 297 pessoas obtiveram o diploma de conclus\u00e3o do ensino m\u00e9dio, aprovadas atrav\u00e9s da prepara\u00e7\u00e3o com o projeto da Prefeitura.<\/p>\n\n\n\n<p>Josicleide de Almeida, 44, \u00e9 uma das pessoas com aquela hist\u00f3ria de emocionar. Ela \u00e9 uma das quase 300 aprova\u00e7\u00f5es que o programa contabiliza at\u00e9 agora. Josicleide voltou a estudar ap\u00f3s 28 anos parada, quando estava no primeiro ano do antigo segundo grau. \u201cTentei voltar algumas vezes, mas sempre desistia. Este ano, resolvi voltar e tomei gosto. J\u00e1 at\u00e9 prestei vestibular e fui aprovada para o curso de Psicologia\u201d, contou.<\/p>\n\n\n\n<p>As inscri\u00e7\u00f5es podem ser feitas a partir da 0h01 do dia 10\/03 atrav\u00e9s do site (<a href=\"http:\/\/www.marica.rj.gov.br\/pre-encceja\">www.marica.rj.gov.br\/pre-encceja<\/a>). O programa \u00e9 destinado a maiores de 18 anos e residentes do munic\u00edpio.<\/p>\n\n\n\n<p><strong>Cronograma:<\/strong><\/p>\n\n\n\n<p>\u2013 Inscri\u00e7\u00f5es:<\/p>\n\n\n\n<p>De 10\/03 at\u00e9 29\/03<\/p>\n\n\n\n<p>\u2013 Entrevistas:<\/p>\n\n\n\n<p>De 16\/03 at\u00e9 31\/03<\/p>\n\n\n\n<p>\u2013 Aulas:<\/p>\n\n\n\n<p>De 06\/04 at\u00e9 21\/08<\/p>\n","protected":false},"excerpt":{"rendered":"<p>Nunca \u00e9 tarde para voltar a estudar. Come\u00e7a nesta ter\u00e7a-feira, 10\/03, e vai at\u00e9 o dia 29\/03, as inscri\u00e7\u00f5es&nbsp;de mais<\/p>\n","protected":false},"author":1,"featured_media":0,"comment_status":"open","ping_status":"open","sticky":false,"template":"","format":"standard","meta":{"colormag_page_container_layout":"default_layout","colormag_page_sidebar_layout":"default_layout","footnotes":""},"categories":[18],"tags":[],"class_list":["post-7451","post","type-post","status-publish","format-standard","hentry","category-entretenimento"],"amp_enabled":true,"_links":{"self":[{"href":"https:\/\/maricatotal.com.br\/site\/wp-json\/wp\/v2\/posts\/7451","targetHints":{"allow":["GET"]}}],"collection":[{"href":"https:\/\/maricatotal.com.br\/site\/wp-json\/wp\/v2\/posts"}],"about":[{"href":"https:\/\/maricatotal.com.br\/site\/wp-json\/wp\/v2\/types\/post"}],"author":[{"embeddable":true,"href":"https:\/\/maricatotal.com.br\/site\/wp-json\/wp\/v2\/users\/1"}],"replies":[{"embeddable":true,"href":"https:\/\/maricatotal.com.br\/site\/wp-json\/wp\/v2\/comments?post=7451"}],"version-history":[{"count":0,"href":"https:\/\/maricatotal.com.br\/site\/wp-json\/wp\/v2\/posts\/7451\/revisions"}],"wp:attachment":[{"href":"https:\/\/maricatotal.com.br\/site\/wp-json\/wp\/v2\/media?parent=7451"}],"wp:term":[{"taxonomy":"category","embeddable":true,"href":"https:\/\/maricatotal.com.br\/site\/wp-json\/wp\/v2\/categories?post=7451"},{"taxonomy":"post_tag","embeddable":true,"href":"https:\/\/maricatotal.com.br\/site\/wp-json\/wp\/v2\/tags?post=7451"}],"curies":[{"name":"wp","href":"https:\/\/api.w.org\/{rel}","templated":true}]}}