{"id":74521,"date":"2026-01-24T18:46:46","date_gmt":"2026-01-24T21:46:46","guid":{"rendered":"https:\/\/maricatotal.com.br\/site\/?p=74521"},"modified":"2026-01-31T13:57:11","modified_gmt":"2026-01-31T16:57:11","slug":"disputa-por-terreno-termina-com-tiro-e-prisao-em-flagrante-em-itaipuacu","status":"publish","type":"post","link":"https:\/\/maricatotal.com.br\/site\/2026\/01\/24\/disputa-por-terreno-termina-com-tiro-e-prisao-em-flagrante-em-itaipuacu\/","title":{"rendered":"Disputa por terreno termina com tiro e pris\u00e3o em flagrante em Itaipua\u00e7u"},"content":{"rendered":"\n<p>Uma briga por <strong>divis\u00e3o de terreno<\/strong> terminou em ocorr\u00eancia policial na tarde deste s\u00e1bado (24), no bairro <strong>Itaipua\u00e7u<\/strong>, em Maric\u00e1. Dois homens passaram a discutir ap\u00f3s ambos alegarem ser propriet\u00e1rios de uma mesma \u00e1rea. O conflito se agravou quando um deles come\u00e7ou a <strong>retirar a cerca<\/strong> que delimitava o espa\u00e7o.<\/p>\n\n\n\n<p>Segundo apura\u00e7\u00e3o, ao presenciar a retirada da cerca, o homem que se dizia dono da estrutura <strong>sacou uma arma de fogo e efetuou um disparo<\/strong> na dire\u00e7\u00e3o do outro envolvido. O tiro n\u00e3o atingiu a v\u00edtima. Ap\u00f3s o disparo, o autor <strong>deixou o local<\/strong>.<\/p>\n\n\n\n<p>Pouco depois, a <strong>esposa do suspeito<\/strong> compareceu \u00e0 <strong>82\u00aa DP<\/strong> para registrar ocorr\u00eancia contra o outro casal envolvido na disputa. Enquanto o atendimento era realizado, <strong>o casal rival chegou \u00e0 delegacia<\/strong>, relatando o epis\u00f3dio do disparo e reafirmando a posse do terreno.<\/p>\n\n\n\n<p>Diante das vers\u00f5es apresentadas, policiais civis realizaram dilig\u00eancias no bairro. O <strong>autor do disparo foi localizado<\/strong>, <strong>preso em flagrante<\/strong> e encaminhado \u00e0 <strong>76\u00aa DP<\/strong>, onde ficou \u00e0 disposi\u00e7\u00e3o da Justi\u00e7a. O caso segue sob investiga\u00e7\u00e3o para apurar a titularidade da \u00e1rea e as responsabilidades criminais.<\/p>\n","protected":false},"excerpt":{"rendered":"<p>Uma briga por divis\u00e3o de terreno terminou em ocorr\u00eancia policial na tarde deste s\u00e1bado (24), no bairro Itaipua\u00e7u, em Maric\u00e1.<\/p>\n","protected":false},"author":1,"featured_media":74522,"comment_status":"open","ping_status":"open","sticky":false,"template":"","format":"standard","meta":{"colormag_page_container_layout":"default_layout","colormag_page_sidebar_layout":"default_layout","footnotes":""},"categories":[1],"tags":[],"class_list":["post-74521","post","type-post","status-publish","format-standard","has-post-thumbnail","hentry","category-noticias"],"amp_enabled":true,"_links":{"self":[{"href":"https:\/\/maricatotal.com.br\/site\/wp-json\/wp\/v2\/posts\/74521","targetHints":{"allow":["GET"]}}],"collection":[{"href":"https:\/\/maricatotal.com.br\/site\/wp-json\/wp\/v2\/posts"}],"about":[{"href":"https:\/\/maricatotal.com.br\/site\/wp-json\/wp\/v2\/types\/post"}],"author":[{"embeddable":true,"href":"https:\/\/maricatotal.com.br\/site\/wp-json\/wp\/v2\/users\/1"}],"replies":[{"embeddable":true,"href":"https:\/\/maricatotal.com.br\/site\/wp-json\/wp\/v2\/comments?post=74521"}],"version-history":[{"count":1,"href":"https:\/\/maricatotal.com.br\/site\/wp-json\/wp\/v2\/posts\/74521\/revisions"}],"predecessor-version":[{"id":74524,"href":"https:\/\/maricatotal.com.br\/site\/wp-json\/wp\/v2\/posts\/74521\/revisions\/74524"}],"wp:featuredmedia":[{"embeddable":true,"href":"https:\/\/maricatotal.com.br\/site\/wp-json\/wp\/v2\/media\/74522"}],"wp:attachment":[{"href":"https:\/\/maricatotal.com.br\/site\/wp-json\/wp\/v2\/media?parent=74521"}],"wp:term":[{"taxonomy":"category","embeddable":true,"href":"https:\/\/maricatotal.com.br\/site\/wp-json\/wp\/v2\/categories?post=74521"},{"taxonomy":"post_tag","embeddable":true,"href":"https:\/\/maricatotal.com.br\/site\/wp-json\/wp\/v2\/tags?post=74521"}],"curies":[{"name":"wp","href":"https:\/\/api.w.org\/{rel}","templated":true}]}}