{"id":74530,"date":"2026-01-24T21:33:05","date_gmt":"2026-01-25T00:33:05","guid":{"rendered":"https:\/\/maricatotal.com.br\/site\/?p=74530"},"modified":"2026-02-02T12:17:45","modified_gmt":"2026-02-02T15:17:45","slug":"homem-e-detido-na-rodoviaria-de-marica-apos-usar-carro-de-aplicativo-para-desviar-e-vender-encomendas","status":"publish","type":"post","link":"https:\/\/maricatotal.com.br\/site\/2026\/01\/24\/homem-e-detido-na-rodoviaria-de-marica-apos-usar-carro-de-aplicativo-para-desviar-e-vender-encomendas\/","title":{"rendered":"Homem \u00e9 detido na Rodovi\u00e1ria de Maric\u00e1 ap\u00f3s usar carro de aplicativo para desviar e vender encomendas"},"content":{"rendered":"\n<p>Um homem foi conduzido \u00e0 delegacia na tarde desta sexta-feira (24), ap\u00f3s ser acusado de se apropriar de mercadorias que deveriam ser entregues por meio de um ve\u00edculo cadastrado em aplicativo de transporte, na Rodovi\u00e1ria do Centro de Maric\u00e1.<\/p>\n\n\n\n<p>De acordo com a Guarda Municipal, equipes da RAS Rodovi\u00e1ria e do 1\u00ba Distrito foram acionadas por um morador que relatou que o autom\u00f3vel de seu pai, utilizado para aplicativo, estaria sendo usado de forma irregular por um terceiro. Segundo a den\u00fancia, o suspeito realizava corridas para entrega de produtos, mas n\u00e3o cumpria o destino final, ficando com as encomendas para revend\u00ea-las.<\/p>\n\n\n\n<p>Durante a abordagem, o pr\u00f3prio homem confirmou a pr\u00e1tica, afirmando que havia deixado de entregar uma mercadoria e tentava vend\u00ea-la por estar passando por dificuldades financeiras.<\/p>\n\n\n\n<p>Com apoio da Inspetoria de Dia, o suspeito foi encaminhado inicialmente \u00e0 82\u00aa Delegacia de Pol\u00edcia, onde o caso foi apresentado \u00e0 equipe de plant\u00e3o. Ap\u00f3s an\u00e1lise da delegada respons\u00e1vel, foi determinada a condu\u00e7\u00e3o do envolvido para a Central de Flagrantes de Niter\u00f3i (76\u00aa DP), para ado\u00e7\u00e3o das medidas legais.<\/p>\n\n\n\n<p>A ocorr\u00eancia segue em andamento, e o homem permanece \u00e0 disposi\u00e7\u00e3o das autoridades para esclarecimentos<\/p>\n","protected":false},"excerpt":{"rendered":"<p>Um homem foi conduzido \u00e0 delegacia na tarde desta sexta-feira (24), ap\u00f3s ser acusado de se apropriar de mercadorias que<\/p>\n","protected":false},"author":1,"featured_media":74532,"comment_status":"open","ping_status":"open","sticky":false,"template":"","format":"standard","meta":{"colormag_page_container_layout":"default_layout","colormag_page_sidebar_layout":"default_layout","footnotes":""},"categories":[1],"tags":[],"class_list":["post-74530","post","type-post","status-publish","format-standard","has-post-thumbnail","hentry","category-noticias"],"amp_enabled":true,"_links":{"self":[{"href":"https:\/\/maricatotal.com.br\/site\/wp-json\/wp\/v2\/posts\/74530","targetHints":{"allow":["GET"]}}],"collection":[{"href":"https:\/\/maricatotal.com.br\/site\/wp-json\/wp\/v2\/posts"}],"about":[{"href":"https:\/\/maricatotal.com.br\/site\/wp-json\/wp\/v2\/types\/post"}],"author":[{"embeddable":true,"href":"https:\/\/maricatotal.com.br\/site\/wp-json\/wp\/v2\/users\/1"}],"replies":[{"embeddable":true,"href":"https:\/\/maricatotal.com.br\/site\/wp-json\/wp\/v2\/comments?post=74530"}],"version-history":[{"count":2,"href":"https:\/\/maricatotal.com.br\/site\/wp-json\/wp\/v2\/posts\/74530\/revisions"}],"predecessor-version":[{"id":74687,"href":"https:\/\/maricatotal.com.br\/site\/wp-json\/wp\/v2\/posts\/74530\/revisions\/74687"}],"wp:featuredmedia":[{"embeddable":true,"href":"https:\/\/maricatotal.com.br\/site\/wp-json\/wp\/v2\/media\/74532"}],"wp:attachment":[{"href":"https:\/\/maricatotal.com.br\/site\/wp-json\/wp\/v2\/media?parent=74530"}],"wp:term":[{"taxonomy":"category","embeddable":true,"href":"https:\/\/maricatotal.com.br\/site\/wp-json\/wp\/v2\/categories?post=74530"},{"taxonomy":"post_tag","embeddable":true,"href":"https:\/\/maricatotal.com.br\/site\/wp-json\/wp\/v2\/tags?post=74530"}],"curies":[{"name":"wp","href":"https:\/\/api.w.org\/{rel}","templated":true}]}}