{"id":74542,"date":"2026-01-25T15:42:05","date_gmt":"2026-01-25T18:42:05","guid":{"rendered":"https:\/\/maricatotal.com.br\/site\/?p=74542"},"modified":"2026-01-31T13:58:10","modified_gmt":"2026-01-31T16:58:10","slug":"padrasto-e-preso-por-abusar-de-enteada-de-14-anos-em-jacaroa","status":"publish","type":"post","link":"https:\/\/maricatotal.com.br\/site\/2026\/01\/25\/padrasto-e-preso-por-abusar-de-enteada-de-14-anos-em-jacaroa\/","title":{"rendered":"Padrasto \u00e9 preso por abusar de enteada de 14 anos em Jacaro\u00e1"},"content":{"rendered":"\n<p>Na manh\u00e3 deste domingo (25), a Pol\u00edcia Civil prendeu Welberti Campos, acusado de estupro de vulner\u00e1vel contra sua enteada, atualmente com 14 anos. A pris\u00e3o ocorreu ap\u00f3s a fam\u00edlia confrontar o suspeito, que confessou os crimes ao ser abordado pelas autoridades.<\/p>\n\n\n\n<p><strong>Anos de Abuso e Coa\u00e7\u00e3o<\/strong><br>Segundo os relatos colhidos, o hist\u00f3rico de abusos teve in\u00edcio quando a v\u00edtima tinha apenas 10 anos. O que come\u00e7ou com comportamentos inadequados e contatos f\u00edsicos for\u00e7ados evoluiu para atos sexuais consumados \u00e0 medida que a jovem crescia.<\/p>\n\n\n\n<p>O agressor utilizava-se de sua posi\u00e7\u00e3o como provedor financeiro da fam\u00edlia para silenciar a v\u00edtima. <\/p>\n\n\n\n<p><strong>A Descoberta e a Pris\u00e3o<\/strong><br>O ciclo de viol\u00eancia foi rompido quando a adolescente decidiu confiar em sua irm\u00e3 e relatar os abusos. Diante da gravidade da situa\u00e7\u00e3o, familiares se mobilizaram e confrontaram Welberti. A Pol\u00edcia Militar foi acionada e, diante das evid\u00eancias e da pr\u00f3pria confiss\u00e3o do acusado no local, efetuou a pris\u00e3o em flagrante.<\/p>\n\n\n\n<p>O caso foi registrado na 82\u00aa DP (Maric\u00e1). Ap\u00f3s o cumprimento dos procedimentos legais, o homem foi encaminhado ao sistema prisional, onde permanecer\u00e1 \u00e0 disposi\u00e7\u00e3o da Justi\u00e7a.<\/p>\n","protected":false},"excerpt":{"rendered":"<p>Na manh\u00e3 deste domingo (25), a Pol\u00edcia Civil prendeu Welberti Campos, acusado de estupro de vulner\u00e1vel contra sua enteada, atualmente<\/p>\n","protected":false},"author":1,"featured_media":74544,"comment_status":"open","ping_status":"open","sticky":false,"template":"","format":"standard","meta":{"colormag_page_container_layout":"default_layout","colormag_page_sidebar_layout":"default_layout","footnotes":""},"categories":[1],"tags":[],"class_list":["post-74542","post","type-post","status-publish","format-standard","has-post-thumbnail","hentry","category-noticias"],"amp_enabled":true,"_links":{"self":[{"href":"https:\/\/maricatotal.com.br\/site\/wp-json\/wp\/v2\/posts\/74542","targetHints":{"allow":["GET"]}}],"collection":[{"href":"https:\/\/maricatotal.com.br\/site\/wp-json\/wp\/v2\/posts"}],"about":[{"href":"https:\/\/maricatotal.com.br\/site\/wp-json\/wp\/v2\/types\/post"}],"author":[{"embeddable":true,"href":"https:\/\/maricatotal.com.br\/site\/wp-json\/wp\/v2\/users\/1"}],"replies":[{"embeddable":true,"href":"https:\/\/maricatotal.com.br\/site\/wp-json\/wp\/v2\/comments?post=74542"}],"version-history":[{"count":1,"href":"https:\/\/maricatotal.com.br\/site\/wp-json\/wp\/v2\/posts\/74542\/revisions"}],"predecessor-version":[{"id":74545,"href":"https:\/\/maricatotal.com.br\/site\/wp-json\/wp\/v2\/posts\/74542\/revisions\/74545"}],"wp:featuredmedia":[{"embeddable":true,"href":"https:\/\/maricatotal.com.br\/site\/wp-json\/wp\/v2\/media\/74544"}],"wp:attachment":[{"href":"https:\/\/maricatotal.com.br\/site\/wp-json\/wp\/v2\/media?parent=74542"}],"wp:term":[{"taxonomy":"category","embeddable":true,"href":"https:\/\/maricatotal.com.br\/site\/wp-json\/wp\/v2\/categories?post=74542"},{"taxonomy":"post_tag","embeddable":true,"href":"https:\/\/maricatotal.com.br\/site\/wp-json\/wp\/v2\/tags?post=74542"}],"curies":[{"name":"wp","href":"https:\/\/api.w.org\/{rel}","templated":true}]}}