{"id":74571,"date":"2026-01-28T13:39:43","date_gmt":"2026-01-28T16:39:43","guid":{"rendered":"https:\/\/maricatotal.com.br\/site\/?p=74571"},"modified":"2026-01-31T14:00:27","modified_gmt":"2026-01-31T17:00:27","slug":"detran-de-marica-foi-inaugurado-mas-populacao-segue-sem-provas-de-habilitacao-no-municipio","status":"publish","type":"post","link":"https:\/\/maricatotal.com.br\/site\/2026\/01\/28\/detran-de-marica-foi-inaugurado-mas-populacao-segue-sem-provas-de-habilitacao-no-municipio\/","title":{"rendered":"DETRAN de Maric\u00e1 foi inaugurado, mas popula\u00e7\u00e3o segue sem provas de habilita\u00e7\u00e3o no munic\u00edpio"},"content":{"rendered":"\n<p>Apesar de ter sido inaugurado com a promessa de ampliar o acesso aos servi\u00e7os p\u00fablicos, o novo posto do Detran-RJ em Maric\u00e1 ainda n\u00e3o realiza provas te\u00f3ricas e pr\u00e1ticas de habilita\u00e7\u00e3o, obrigando moradores da cidade a se deslocarem para munic\u00edpios vizinhos como Niter\u00f3i, Rio de Janeiro e outras localidades.<\/p>\n\n\n\n<p>A inaugura\u00e7\u00e3o oficial do Centro Administrativo Integrado de S\u00e3o Jos\u00e9 do Imbassa\u00ed aconteceu na tarde da segunda-feira 01, de Abril de 2024, e contou com a presen\u00e7a do ex prefeito de Maric\u00e1, Fabiano Horta (PT), e do secret\u00e1rio estadual de Planejamento e Gest\u00e3o, Adilson Farias. O governador Cl\u00e1udio Castro (PL), que era esperado no evento, n\u00e3o compareceu por conta de compromissos de agenda.<\/p>\n\n\n\n<p>O espa\u00e7o foi anunciado como um importante avan\u00e7o para a cidadania, reunindo diversos servi\u00e7os em um \u00fanico local, incluindo atendimento do Detran-RJ e dos Servi\u00e7os Integrados Municipais (SIM). Durante a cerim\u00f4nia, o prefeito destacou que o objetivo da unidade \u00e9 garantir que a popula\u00e7\u00e3o maricaense tenha acesso aos servi\u00e7os p\u00fablicos dentro do pr\u00f3prio munic\u00edpio.<\/p>\n\n\n\n<p>\u201cO que a gente est\u00e1 fazendo aqui hoje \u00e9 colocando definitivamente os servi\u00e7os do Detran e da Prefeitura de Maric\u00e1 cravados no centro da cidade, construindo o direito de cada cidad\u00e3o e cidad\u00e3 maricaense de terem esse servi\u00e7o no seu territ\u00f3rio\u201d, afirmou Fabiano Horta.<\/p>\n\n\n\n<p>No entanto, na pr\u00e1tica, moradores relatam que, desde a inaugura\u00e7\u00e3o, o posto do Detran em Maric\u00e1 n\u00e3o vem aplicando as provas te\u00f3ricas e pr\u00e1ticas para obten\u00e7\u00e3o da Carteira Nacional de Habilita\u00e7\u00e3o (CNH). A situa\u00e7\u00e3o gera indigna\u00e7\u00e3o, j\u00e1 que o pr\u00e9dio \u00e9 amplo, moderno e, segundo a pr\u00f3pria divulga\u00e7\u00e3o oficial, teria estrutura suficiente para a realiza\u00e7\u00e3o dos exames.<\/p>\n\n\n\n<p>De acordo com o que foi anunciado, o Detran no Centro Administrativo seria respons\u00e1vel pela vistoria veicular anual, provas para habilita\u00e7\u00e3o na categoria A, al\u00e9m de servi\u00e7os de identifica\u00e7\u00e3o civil, habilita\u00e7\u00e3o e recursos de multa. At\u00e9 o momento, por\u00e9m, candidatos \u00e0 CNH continuam sendo encaminhados para outras cidades, enfrentando gastos extras com transporte, al\u00e9m de perda de tempo e dificuldades log\u00edsticas.<\/p>\n\n\n\n<p>Al\u00e9m do Detran, o espa\u00e7o abriga a nova sede da Secretaria Municipal de Transportes (SMT), a Coordenadoria Operacional da Secretaria de Tr\u00e2nsito e Engenharia Vi\u00e1ria (Sectran) e atendimento ao programa Mumbuca Transportes. O prefeito tamb\u00e9m manifestou interesse em instalar uma sede permanente da Prefeitura no local, refor\u00e7ando a import\u00e2ncia hist\u00f3rica e administrativa de S\u00e3o Jos\u00e9 do Imbassa\u00ed.<\/p>\n\n\n\n<p>Enquanto isso, a popula\u00e7\u00e3o cobra explica\u00e7\u00f5es e provid\u00eancias. Para muitos moradores, a aus\u00eancia das provas no munic\u00edpio contradiz o discurso apresentado na inaugura\u00e7\u00e3o e esvazia parte do prop\u00f3sito do novo Centro Administrativo, que deveria justamente evitar o deslocamento dos cidad\u00e3os para outras cidades em busca de servi\u00e7os b\u00e1sicos.<\/p>\n\n\n\n<p>A expectativa agora \u00e9 que o Detran-RJ e a Prefeitura de Maric\u00e1 esclare\u00e7am quando as provas de habilita\u00e7\u00e3o passar\u00e3o a ser realizadas no munic\u00edpio, atendendo, de fato, \u00e0 demanda da popula\u00e7\u00e3o local.<\/p>\n","protected":false},"excerpt":{"rendered":"<p>Apesar de ter sido inaugurado com a promessa de ampliar o acesso aos servi\u00e7os p\u00fablicos, o novo posto do Detran-RJ<\/p>\n","protected":false},"author":1,"featured_media":62275,"comment_status":"open","ping_status":"open","sticky":false,"template":"","format":"standard","meta":{"colormag_page_container_layout":"default_layout","colormag_page_sidebar_layout":"default_layout","footnotes":""},"categories":[1],"tags":[],"class_list":["post-74571","post","type-post","status-publish","format-standard","has-post-thumbnail","hentry","category-noticias"],"amp_enabled":true,"_links":{"self":[{"href":"https:\/\/maricatotal.com.br\/site\/wp-json\/wp\/v2\/posts\/74571","targetHints":{"allow":["GET"]}}],"collection":[{"href":"https:\/\/maricatotal.com.br\/site\/wp-json\/wp\/v2\/posts"}],"about":[{"href":"https:\/\/maricatotal.com.br\/site\/wp-json\/wp\/v2\/types\/post"}],"author":[{"embeddable":true,"href":"https:\/\/maricatotal.com.br\/site\/wp-json\/wp\/v2\/users\/1"}],"replies":[{"embeddable":true,"href":"https:\/\/maricatotal.com.br\/site\/wp-json\/wp\/v2\/comments?post=74571"}],"version-history":[{"count":1,"href":"https:\/\/maricatotal.com.br\/site\/wp-json\/wp\/v2\/posts\/74571\/revisions"}],"predecessor-version":[{"id":74572,"href":"https:\/\/maricatotal.com.br\/site\/wp-json\/wp\/v2\/posts\/74571\/revisions\/74572"}],"wp:featuredmedia":[{"embeddable":true,"href":"https:\/\/maricatotal.com.br\/site\/wp-json\/wp\/v2\/media\/62275"}],"wp:attachment":[{"href":"https:\/\/maricatotal.com.br\/site\/wp-json\/wp\/v2\/media?parent=74571"}],"wp:term":[{"taxonomy":"category","embeddable":true,"href":"https:\/\/maricatotal.com.br\/site\/wp-json\/wp\/v2\/categories?post=74571"},{"taxonomy":"post_tag","embeddable":true,"href":"https:\/\/maricatotal.com.br\/site\/wp-json\/wp\/v2\/tags?post=74571"}],"curies":[{"name":"wp","href":"https:\/\/api.w.org\/{rel}","templated":true}]}}