{"id":74581,"date":"2026-01-27T13:59:46","date_gmt":"2026-01-27T16:59:46","guid":{"rendered":"https:\/\/maricatotal.com.br\/site\/?p=74581"},"modified":"2026-01-31T14:00:10","modified_gmt":"2026-01-31T17:00:10","slug":"marica-inaugura-primeira-casa-da-juventude-em-inoa-com-cursos-esportes-e-acoes-de-formacao-para-jovens","status":"publish","type":"post","link":"https:\/\/maricatotal.com.br\/site\/2026\/01\/27\/marica-inaugura-primeira-casa-da-juventude-em-inoa-com-cursos-esportes-e-acoes-de-formacao-para-jovens\/","title":{"rendered":"Maric\u00e1 inaugura primeira Casa da Juventude em Ino\u00e3 com cursos, esportes e a\u00e7\u00f5es de forma\u00e7\u00e3o para jovens"},"content":{"rendered":"\n<p>A Prefeitura de Maric\u00e1 inaugura nesta quarta-feira (28), \u00e0s 14h, o primeiro polo da Casa da Juventude, em Ino\u00e3. A iniciativa, coordenada pela Secretaria de Juventude e Participa\u00e7\u00e3o Popular, marca a amplia\u00e7\u00e3o das pol\u00edticas p\u00fablicas voltadas aos jovens do munic\u00edpio, com foco em qualifica\u00e7\u00e3o, bem-estar e protagonismo social.<\/p>\n\n\n\n<p>O novo espa\u00e7o foi criado para funcionar como um centro de conviv\u00eancia, aprendizado e constru\u00e7\u00e3o de oportunidades, reunindo atividades gratuitas nas \u00e1reas de educa\u00e7\u00e3o, cultura, tecnologia, esporte e forma\u00e7\u00e3o profissional. A proposta \u00e9 oferecer acolhimento, escuta e est\u00edmulo ao desenvolvimento pessoal e coletivo da juventude maricaense.<\/p>\n\n\n\n<p>Entre as a\u00e7\u00f5es previstas est\u00e3o cursos de barbeiro, manicure e pedicure, maquiagem, tran\u00e7as, limpeza de pele, idiomas, al\u00e9m de aulas de nata\u00e7\u00e3o e hidromassagem. Tamb\u00e9m ser\u00e3o promovidas oficinas, encontros e projetos sociais voltados \u00e0 criatividade, autonomia e prepara\u00e7\u00e3o para o mercado de trabalho.<\/p>\n\n\n\n<p>Outro destaque do projeto \u00e9 o \u00d4nibus Itinerante da Juventude, que vai circular pelos bairros levando oficinas, atividades culturais e um cinema m\u00f3vel, com exibi\u00e7\u00e3o de filmes e produ\u00e7\u00f5es locais, ampliando o alcance das a\u00e7\u00f5es.<\/p>\n\n\n\n<p>A Casa da Juventude em Ino\u00e3 representa o primeiro passo de uma rede de espa\u00e7os voltados \u00e0 juventude, aproximando as pol\u00edticas p\u00fablicas dos territ\u00f3rios e criando novas perspectivas de futuro para os jovens da cidade.<\/p>\n\n\n\n<p><strong>Servi\u00e7o \u2013 Inaugura\u00e7\u00e3o da Casa da Juventude de Ino\u00e3<\/strong><br>\ud83d\udcc5 Quarta-feira, 28 de janeiro<br>\ud83d\udd51 14h<br>\ud83d\udccd Rua Oito, quadra 10, lotes 03 e 04 \u2013 Bosque Fundo, Ino\u00e3<\/p>\n","protected":false},"excerpt":{"rendered":"<p>A Prefeitura de Maric\u00e1 inaugura nesta quarta-feira (28), \u00e0s 14h, o primeiro polo da Casa da Juventude, em Ino\u00e3. A<\/p>\n","protected":false},"author":1,"featured_media":74582,"comment_status":"open","ping_status":"open","sticky":false,"template":"","format":"standard","meta":{"colormag_page_container_layout":"default_layout","colormag_page_sidebar_layout":"default_layout","footnotes":""},"categories":[1],"tags":[],"class_list":["post-74581","post","type-post","status-publish","format-standard","has-post-thumbnail","hentry","category-noticias"],"amp_enabled":true,"_links":{"self":[{"href":"https:\/\/maricatotal.com.br\/site\/wp-json\/wp\/v2\/posts\/74581","targetHints":{"allow":["GET"]}}],"collection":[{"href":"https:\/\/maricatotal.com.br\/site\/wp-json\/wp\/v2\/posts"}],"about":[{"href":"https:\/\/maricatotal.com.br\/site\/wp-json\/wp\/v2\/types\/post"}],"author":[{"embeddable":true,"href":"https:\/\/maricatotal.com.br\/site\/wp-json\/wp\/v2\/users\/1"}],"replies":[{"embeddable":true,"href":"https:\/\/maricatotal.com.br\/site\/wp-json\/wp\/v2\/comments?post=74581"}],"version-history":[{"count":1,"href":"https:\/\/maricatotal.com.br\/site\/wp-json\/wp\/v2\/posts\/74581\/revisions"}],"predecessor-version":[{"id":74584,"href":"https:\/\/maricatotal.com.br\/site\/wp-json\/wp\/v2\/posts\/74581\/revisions\/74584"}],"wp:featuredmedia":[{"embeddable":true,"href":"https:\/\/maricatotal.com.br\/site\/wp-json\/wp\/v2\/media\/74582"}],"wp:attachment":[{"href":"https:\/\/maricatotal.com.br\/site\/wp-json\/wp\/v2\/media?parent=74581"}],"wp:term":[{"taxonomy":"category","embeddable":true,"href":"https:\/\/maricatotal.com.br\/site\/wp-json\/wp\/v2\/categories?post=74581"},{"taxonomy":"post_tag","embeddable":true,"href":"https:\/\/maricatotal.com.br\/site\/wp-json\/wp\/v2\/tags?post=74581"}],"curies":[{"name":"wp","href":"https:\/\/api.w.org\/{rel}","templated":true}]}}