{"id":74586,"date":"2026-01-28T14:11:45","date_gmt":"2026-01-28T17:11:45","guid":{"rendered":"https:\/\/maricatotal.com.br\/site\/?p=74586"},"modified":"2026-01-31T14:00:20","modified_gmt":"2026-01-31T17:00:20","slug":"marica-tera-13o-batalhao-da-policia-militar-com-sede-na-cidade-da-seguranca-no-parque-nanci","status":"publish","type":"post","link":"https:\/\/maricatotal.com.br\/site\/2026\/01\/28\/marica-tera-13o-batalhao-da-policia-militar-com-sede-na-cidade-da-seguranca-no-parque-nanci\/","title":{"rendered":"Maric\u00e1 ter\u00e1 13\u00ba Batalh\u00e3o da Pol\u00edcia Militar com sede na Cidade da Seguran\u00e7a no Parque Nanci"},"content":{"rendered":"\n<p>A Prefeitura de Maric\u00e1 participou, nesta segunda-feira (26\/01), da cerim\u00f4nia que oficializou a cria\u00e7\u00e3o do 13\u00ba Batalh\u00e3o de Pol\u00edcia Militar (BPM), por meio do decreto de reestrutura\u00e7\u00e3o operacional e administrativa da Secretaria de Estado de Pol\u00edcia Militar.<\/p>\n\n\n\n<p>O novo batalh\u00e3o ser\u00e1 constru\u00eddo na Cidade da Seguran\u00e7a, no Parque Nanci, em parceria entre o Governo do Estado do Rio de Janeiro e a Prefeitura de Maric\u00e1, e passar\u00e1 a atender exclusivamente o munic\u00edpio.<\/p>\n\n\n\n<p>A medida representa um avan\u00e7o hist\u00f3rico para a seguran\u00e7a p\u00fablica da cidade, que at\u00e9 ent\u00e3o era atendida principalmente pelo 12\u00ba BPM, sediado em Niter\u00f3i, com apoio das a\u00e7\u00f5es integradas da Secretaria de Seguran\u00e7a Cidad\u00e3 e do Programa Estadual de Integra\u00e7\u00e3o na Seguran\u00e7a (Proeis).<\/p>\n\n\n\n<p>O prefeito Washington Quaqu\u00e1 destacou a import\u00e2ncia da conquista para a popula\u00e7\u00e3o:<\/p>\n\n\n\n<blockquote class=\"wp-block-quote is-layout-flow wp-block-quote-is-layout-flow\">\n<p>\u201cDepois de muita luta e di\u00e1logo, conquistamos algo que o nosso povo espera h\u00e1 d\u00e9cadas. Agrade\u00e7o o governador por essa decis\u00e3o, que melhora ainda mais o trabalho integrado entre a PM, a Guarda Municipal e a Prefeitura. Maric\u00e1 cresceu, se desenvolveu e agora vai passar a ter uma estrutura de seguran\u00e7a pr\u00f3pria e \u00e0 altura de sua import\u00e2ncia.\u201d<\/p>\n<\/blockquote>\n\n\n\n<p>O secret\u00e1rio de Seguran\u00e7a Cidad\u00e3, coronel J\u00falio Veras, ressaltou que o novo batalh\u00e3o \u00e9 um antigo desejo da cidade:<\/p>\n\n\n\n<blockquote class=\"wp-block-quote is-layout-flow wp-block-quote-is-layout-flow\">\n<p>\u201cO novo batalh\u00e3o vai cuidar exclusivamente de Maric\u00e1, um anseio de d\u00e9cadas que agora se torna realidade gra\u00e7as a um acordo estrat\u00e9gico. At\u00e9 o 13\u00ba BPM iniciar suas atividades, seguiremos atuando de forma integrada com o 12\u00ba BPM.\u201d<\/p>\n<\/blockquote>\n\n\n\n<p>J\u00e1 o secret\u00e1rio de Estado da Pol\u00edcia Militar, coronel Marcelo Menezes, afirmou que a cria\u00e7\u00e3o do batalh\u00e3o vai aliviar a demanda sobre outras unidades e fortalecer a presen\u00e7a policial na regi\u00e3o:<\/p>\n\n\n\n<blockquote class=\"wp-block-quote is-layout-flow wp-block-quote-is-layout-flow\">\n<p>\u201cEstamos criando um equipamento p\u00fablico fundamental para a seguran\u00e7a p\u00fablica. Com uni\u00e3o e entendimento, conseguimos concretizar esse sonho de anos para o munic\u00edpio. Quem ganha \u00e9 a popula\u00e7\u00e3o.\u201d<\/p>\n<\/blockquote>\n\n\n\n<p>A expectativa \u00e9 que, com a implanta\u00e7\u00e3o do 13\u00ba BPM, Maric\u00e1 tenha mais autonomia operacional, refor\u00e7o no policiamento e respostas mais r\u00e1pidas \u00e0s ocorr\u00eancias, elevando ainda mais os \u00edndices de seguran\u00e7a no munic\u00edpio.<\/p>\n\n\n\n<p><\/p>\n","protected":false},"excerpt":{"rendered":"<p>A Prefeitura de Maric\u00e1 participou, nesta segunda-feira (26\/01), da cerim\u00f4nia que oficializou a cria\u00e7\u00e3o do 13\u00ba Batalh\u00e3o de Pol\u00edcia Militar<\/p>\n","protected":false},"author":1,"featured_media":74588,"comment_status":"open","ping_status":"open","sticky":false,"template":"","format":"standard","meta":{"colormag_page_container_layout":"default_layout","colormag_page_sidebar_layout":"default_layout","footnotes":""},"categories":[1],"tags":[],"class_list":["post-74586","post","type-post","status-publish","format-standard","has-post-thumbnail","hentry","category-noticias"],"amp_enabled":true,"_links":{"self":[{"href":"https:\/\/maricatotal.com.br\/site\/wp-json\/wp\/v2\/posts\/74586","targetHints":{"allow":["GET"]}}],"collection":[{"href":"https:\/\/maricatotal.com.br\/site\/wp-json\/wp\/v2\/posts"}],"about":[{"href":"https:\/\/maricatotal.com.br\/site\/wp-json\/wp\/v2\/types\/post"}],"author":[{"embeddable":true,"href":"https:\/\/maricatotal.com.br\/site\/wp-json\/wp\/v2\/users\/1"}],"replies":[{"embeddable":true,"href":"https:\/\/maricatotal.com.br\/site\/wp-json\/wp\/v2\/comments?post=74586"}],"version-history":[{"count":1,"href":"https:\/\/maricatotal.com.br\/site\/wp-json\/wp\/v2\/posts\/74586\/revisions"}],"predecessor-version":[{"id":74589,"href":"https:\/\/maricatotal.com.br\/site\/wp-json\/wp\/v2\/posts\/74586\/revisions\/74589"}],"wp:featuredmedia":[{"embeddable":true,"href":"https:\/\/maricatotal.com.br\/site\/wp-json\/wp\/v2\/media\/74588"}],"wp:attachment":[{"href":"https:\/\/maricatotal.com.br\/site\/wp-json\/wp\/v2\/media?parent=74586"}],"wp:term":[{"taxonomy":"category","embeddable":true,"href":"https:\/\/maricatotal.com.br\/site\/wp-json\/wp\/v2\/categories?post=74586"},{"taxonomy":"post_tag","embeddable":true,"href":"https:\/\/maricatotal.com.br\/site\/wp-json\/wp\/v2\/tags?post=74586"}],"curies":[{"name":"wp","href":"https:\/\/api.w.org\/{rel}","templated":true}]}}