{"id":74591,"date":"2026-01-28T14:19:20","date_gmt":"2026-01-28T17:19:20","guid":{"rendered":"https:\/\/maricatotal.com.br\/site\/?p=74591"},"modified":"2026-01-31T13:59:47","modified_gmt":"2026-01-31T16:59:47","slug":"guilherme-delaroli-deve-comandar-o-governo-do-rio-durante-ausencia-de-claudio-castro","status":"publish","type":"post","link":"https:\/\/maricatotal.com.br\/site\/2026\/01\/28\/guilherme-delaroli-deve-comandar-o-governo-do-rio-durante-ausencia-de-claudio-castro\/","title":{"rendered":"Guilherme Delaroli deve comandar o Governo do Rio durante aus\u00eancia de Cl\u00e1udio Castro"},"content":{"rendered":"\n<p>O Rio de Janeiro deve ter um novo chefe do Executivo estadual de forma tempor\u00e1ria nos pr\u00f3ximos dias. O deputado Guilherme Delaroli (PL), que ocupa interinamente a presid\u00eancia da Assembleia Legislativa, est\u00e1 prestes a assumir o Governo do Estado enquanto o governador Cl\u00e1udio Castro cumpre agenda internacional.<\/p>\n\n\n\n<p>Castro viajar\u00e1 para a Europa ainda nesta semana e s\u00f3 retorna no in\u00edcio de fevereiro. Com a vaga de vice-governador em aberto desde 2025 e o presidente titular da Alerj afastado por decis\u00e3o judicial, a sucess\u00e3o passa por um caminho incomum dentro das regras institucionais.<\/p>\n\n\n\n<p>A princ\u00edpio, o comando do estado caberia ao presidente do Tribunal de Justi\u00e7a do Rio. No entanto, com a aus\u00eancia tempor\u00e1ria do magistrado por motivos de viagem, Delaroli dever\u00e1 assumir o Pal\u00e1cio Guanabara por aproximadamente dez dias.<\/p>\n\n\n\n<p>O cen\u00e1rio chama aten\u00e7\u00e3o no meio pol\u00edtico, tanto pela instabilidade administrativa quanto pelo momento financeiro delicado enfrentado pelo estado, que projeta forte desequil\u00edbrio nas contas p\u00fablicas para este ano.<\/p>\n\n\n\n<p>A movimenta\u00e7\u00e3o tamb\u00e9m alimenta rumores sobre os pr\u00f3ximos passos de Cl\u00e1udio Castro no cen\u00e1rio eleitoral, especialmente sobre uma poss\u00edvel sa\u00edda antecipada do cargo para disputar o Senado.<\/p>\n\n\n\n<p>Enquanto isso, a breve passagem de Delaroli pelo governo \u00e9 vista como um teste de articula\u00e7\u00e3o pol\u00edtica e capacidade administrativa em um per\u00edodo de forte press\u00e3o fiscal.<\/p>\n","protected":false},"excerpt":{"rendered":"<p>O Rio de Janeiro deve ter um novo chefe do Executivo estadual de forma tempor\u00e1ria nos pr\u00f3ximos dias. O deputado<\/p>\n","protected":false},"author":1,"featured_media":56948,"comment_status":"open","ping_status":"open","sticky":false,"template":"","format":"standard","meta":{"colormag_page_container_layout":"default_layout","colormag_page_sidebar_layout":"default_layout","footnotes":""},"categories":[1],"tags":[],"class_list":["post-74591","post","type-post","status-publish","format-standard","has-post-thumbnail","hentry","category-noticias"],"amp_enabled":true,"_links":{"self":[{"href":"https:\/\/maricatotal.com.br\/site\/wp-json\/wp\/v2\/posts\/74591","targetHints":{"allow":["GET"]}}],"collection":[{"href":"https:\/\/maricatotal.com.br\/site\/wp-json\/wp\/v2\/posts"}],"about":[{"href":"https:\/\/maricatotal.com.br\/site\/wp-json\/wp\/v2\/types\/post"}],"author":[{"embeddable":true,"href":"https:\/\/maricatotal.com.br\/site\/wp-json\/wp\/v2\/users\/1"}],"replies":[{"embeddable":true,"href":"https:\/\/maricatotal.com.br\/site\/wp-json\/wp\/v2\/comments?post=74591"}],"version-history":[{"count":2,"href":"https:\/\/maricatotal.com.br\/site\/wp-json\/wp\/v2\/posts\/74591\/revisions"}],"predecessor-version":[{"id":74594,"href":"https:\/\/maricatotal.com.br\/site\/wp-json\/wp\/v2\/posts\/74591\/revisions\/74594"}],"wp:featuredmedia":[{"embeddable":true,"href":"https:\/\/maricatotal.com.br\/site\/wp-json\/wp\/v2\/media\/56948"}],"wp:attachment":[{"href":"https:\/\/maricatotal.com.br\/site\/wp-json\/wp\/v2\/media?parent=74591"}],"wp:term":[{"taxonomy":"category","embeddable":true,"href":"https:\/\/maricatotal.com.br\/site\/wp-json\/wp\/v2\/categories?post=74591"},{"taxonomy":"post_tag","embeddable":true,"href":"https:\/\/maricatotal.com.br\/site\/wp-json\/wp\/v2\/tags?post=74591"}],"curies":[{"name":"wp","href":"https:\/\/api.w.org\/{rel}","templated":true}]}}