{"id":74597,"date":"2026-01-28T22:09:43","date_gmt":"2026-01-29T01:09:43","guid":{"rendered":"https:\/\/maricatotal.com.br\/site\/?p=74597"},"modified":"2026-01-31T14:00:23","modified_gmt":"2026-01-31T17:00:23","slug":"foragido-e-capturado-em-fiscalizacao-na-rj-114-apos-atitude-suspeita-em-onibus-de-marica","status":"publish","type":"post","link":"https:\/\/maricatotal.com.br\/site\/2026\/01\/28\/foragido-e-capturado-em-fiscalizacao-na-rj-114-apos-atitude-suspeita-em-onibus-de-marica\/","title":{"rendered":"Foragido \u00e9 capturado em fiscaliza\u00e7\u00e3o na RJ-114 ap\u00f3s atitude suspeita em \u00f4nibus de Maric\u00e1"},"content":{"rendered":"\n<p>Uma a\u00e7\u00e3o de rotina das for\u00e7as de seguran\u00e7a terminou com a pris\u00e3o de um homem procurado pela Justi\u00e7a na tarde desta ter\u00e7a-feira (28), em Maric\u00e1. Ele foi localizado dentro de um \u00f4nibus que trafegava pela RJ-114, na regi\u00e3o de Ubatiba, uma das principais liga\u00e7\u00f5es entre Maric\u00e1 e Itabora\u00ed.<\/p>\n\n\n\n<p>Durante a abordagem ao coletivo do sistema Tarifa Zero, os policiais notaram o comportamento inquieto de um passageiro, o que levantou suspeita e levou \u00e0 checagem de seus dados pessoais. A consulta revelou que havia contra ele um mandado de pris\u00e3o em vigor.<\/p>\n\n\n\n<p>Segundo as informa\u00e7\u00f5es apuradas, o homem era considerado foragido desde o ano passado, ap\u00f3s n\u00e3o retornar ao sistema prisional. Diante da constata\u00e7\u00e3o, ele recebeu voz de pris\u00e3o e foi encaminhado para a 82\u00aa Delegacia de Pol\u00edcia, em Maric\u00e1.<\/p>\n\n\n\n<p>Na unidade, a ordem judicial foi oficialmente cumprida e o suspeito permaneceu detido, ficando \u00e0 disposi\u00e7\u00e3o da Justi\u00e7a. A pol\u00edcia refor\u00e7a que fiscaliza\u00e7\u00f5es como essa seguem ocorrendo diariamente nas principais vias do munic\u00edpio para coibir crimes e localizar foragidos.<\/p>\n","protected":false},"excerpt":{"rendered":"<p>Uma a\u00e7\u00e3o de rotina das for\u00e7as de seguran\u00e7a terminou com a pris\u00e3o de um homem procurado pela Justi\u00e7a na tarde<\/p>\n","protected":false},"author":1,"featured_media":74599,"comment_status":"open","ping_status":"open","sticky":false,"template":"","format":"standard","meta":{"colormag_page_container_layout":"default_layout","colormag_page_sidebar_layout":"default_layout","footnotes":""},"categories":[1],"tags":[],"class_list":["post-74597","post","type-post","status-publish","format-standard","has-post-thumbnail","hentry","category-noticias"],"amp_enabled":true,"_links":{"self":[{"href":"https:\/\/maricatotal.com.br\/site\/wp-json\/wp\/v2\/posts\/74597","targetHints":{"allow":["GET"]}}],"collection":[{"href":"https:\/\/maricatotal.com.br\/site\/wp-json\/wp\/v2\/posts"}],"about":[{"href":"https:\/\/maricatotal.com.br\/site\/wp-json\/wp\/v2\/types\/post"}],"author":[{"embeddable":true,"href":"https:\/\/maricatotal.com.br\/site\/wp-json\/wp\/v2\/users\/1"}],"replies":[{"embeddable":true,"href":"https:\/\/maricatotal.com.br\/site\/wp-json\/wp\/v2\/comments?post=74597"}],"version-history":[{"count":1,"href":"https:\/\/maricatotal.com.br\/site\/wp-json\/wp\/v2\/posts\/74597\/revisions"}],"predecessor-version":[{"id":74600,"href":"https:\/\/maricatotal.com.br\/site\/wp-json\/wp\/v2\/posts\/74597\/revisions\/74600"}],"wp:featuredmedia":[{"embeddable":true,"href":"https:\/\/maricatotal.com.br\/site\/wp-json\/wp\/v2\/media\/74599"}],"wp:attachment":[{"href":"https:\/\/maricatotal.com.br\/site\/wp-json\/wp\/v2\/media?parent=74597"}],"wp:term":[{"taxonomy":"category","embeddable":true,"href":"https:\/\/maricatotal.com.br\/site\/wp-json\/wp\/v2\/categories?post=74597"},{"taxonomy":"post_tag","embeddable":true,"href":"https:\/\/maricatotal.com.br\/site\/wp-json\/wp\/v2\/tags?post=74597"}],"curies":[{"name":"wp","href":"https:\/\/api.w.org\/{rel}","templated":true}]}}