{"id":74607,"date":"2026-01-29T11:25:54","date_gmt":"2026-01-29T14:25:54","guid":{"rendered":"https:\/\/maricatotal.com.br\/site\/?p=74607"},"modified":"2026-01-31T13:59:52","modified_gmt":"2026-01-31T16:59:52","slug":"fabiano-horta-volta-ao-jogo-politico-e-pode-disputar-vaga-na-camara-federal","status":"publish","type":"post","link":"https:\/\/maricatotal.com.br\/site\/2026\/01\/29\/fabiano-horta-volta-ao-jogo-politico-e-pode-disputar-vaga-na-camara-federal\/","title":{"rendered":"Fabiano Horta volta ao jogo pol\u00edtico e pode disputar vaga na C\u00e2mara Federal"},"content":{"rendered":"\n<p>O ex-prefeito de Maric\u00e1, Fabiano Horta, voltou a ganhar protagonismo nos bastidores da pol\u00edtica fluminense e passou a ser apontado como poss\u00edvel candidato \u00e0 C\u00e2mara dos Deputados nas elei\u00e7\u00f5es deste ano. Fora do Executivo municipal desde o fim do mandato, o petista tem ampliado sua circula\u00e7\u00e3o em agendas p\u00fablicas, reuni\u00f5es partid\u00e1rias e encontros com lideran\u00e7as regionais, o que reacendeu as especula\u00e7\u00f5es sobre seu retorno \u00e0s urnas.<\/p>\n\n\n\n<p>Horta j\u00e1 conhece o Congresso Nacional: ocupou uma cadeira como deputado federal entre 2015 e 2016, antes de assumir a Prefeitura de Maric\u00e1. Agora, apesar da movimenta\u00e7\u00e3o evidente, evita confirmar oficialmente qualquer pr\u00e9-candidatura. Em declara\u00e7\u00f5es recentes, afirmou que s\u00f3 deve tomar uma decis\u00e3o ap\u00f3s o carnaval e que, no momento, sua principal prioridade pol\u00edtica \u00e9 a campanha de reelei\u00e7\u00e3o do presidente Lula.<\/p>\n\n\n\n<p>O partido j\u00e1 articula outros poss\u00edveis postulantes, como Diego Quaqu\u00e1 \u2014 filho do atual prefeito Washington Quaqu\u00e1, que recentemente passou a usar o sobrenome do pai de forma mais destacada nas redes sociais \u2014 e Celso Pansera, atual presidente da Codemar. A entrada de Horta na corrida tende a for\u00e7ar uma redefini\u00e7\u00e3o de estrat\u00e9gias e alian\u00e7as internas.<\/p>\n\n\n\n<p>Enquanto nada \u00e9 oficializado, sinais de movimenta\u00e7\u00e3o pol\u00edtica continuam surgindo \u2014 como a recente ida do vice-prefeito Jo\u00e3o Maur\u00edcio, o Jo\u00e3ozinho, a Bras\u00edlia, interpretada por aliados como parte de articula\u00e7\u00f5es mais amplas. O cen\u00e1rio segue em aberto, mas a poss\u00edvel volta de Fabiano Horta \u00e0 disputa eleitoral j\u00e1 come\u00e7a a redesenhar os rumos da pol\u00edtica em Maric\u00e1 e no PT fluminense.<\/p>\n","protected":false},"excerpt":{"rendered":"<p>O ex-prefeito de Maric\u00e1, Fabiano Horta, voltou a ganhar protagonismo nos bastidores da pol\u00edtica fluminense e passou a ser apontado<\/p>\n","protected":false},"author":1,"featured_media":59961,"comment_status":"open","ping_status":"open","sticky":false,"template":"","format":"standard","meta":{"colormag_page_container_layout":"default_layout","colormag_page_sidebar_layout":"default_layout","footnotes":""},"categories":[1],"tags":[],"class_list":["post-74607","post","type-post","status-publish","format-standard","has-post-thumbnail","hentry","category-noticias"],"amp_enabled":true,"_links":{"self":[{"href":"https:\/\/maricatotal.com.br\/site\/wp-json\/wp\/v2\/posts\/74607","targetHints":{"allow":["GET"]}}],"collection":[{"href":"https:\/\/maricatotal.com.br\/site\/wp-json\/wp\/v2\/posts"}],"about":[{"href":"https:\/\/maricatotal.com.br\/site\/wp-json\/wp\/v2\/types\/post"}],"author":[{"embeddable":true,"href":"https:\/\/maricatotal.com.br\/site\/wp-json\/wp\/v2\/users\/1"}],"replies":[{"embeddable":true,"href":"https:\/\/maricatotal.com.br\/site\/wp-json\/wp\/v2\/comments?post=74607"}],"version-history":[{"count":2,"href":"https:\/\/maricatotal.com.br\/site\/wp-json\/wp\/v2\/posts\/74607\/revisions"}],"predecessor-version":[{"id":74613,"href":"https:\/\/maricatotal.com.br\/site\/wp-json\/wp\/v2\/posts\/74607\/revisions\/74613"}],"wp:featuredmedia":[{"embeddable":true,"href":"https:\/\/maricatotal.com.br\/site\/wp-json\/wp\/v2\/media\/59961"}],"wp:attachment":[{"href":"https:\/\/maricatotal.com.br\/site\/wp-json\/wp\/v2\/media?parent=74607"}],"wp:term":[{"taxonomy":"category","embeddable":true,"href":"https:\/\/maricatotal.com.br\/site\/wp-json\/wp\/v2\/categories?post=74607"},{"taxonomy":"post_tag","embeddable":true,"href":"https:\/\/maricatotal.com.br\/site\/wp-json\/wp\/v2\/tags?post=74607"}],"curies":[{"name":"wp","href":"https:\/\/api.w.org\/{rel}","templated":true}]}}