{"id":75228,"date":"2026-03-08T14:02:09","date_gmt":"2026-03-08T17:02:09","guid":{"rendered":"https:\/\/maricatotal.com.br\/site\/?p=75228"},"modified":"2026-03-08T14:02:10","modified_gmt":"2026-03-08T17:02:10","slug":"motociclista-e-preso-apos-fuga-e-manobras-perigosas-em-marica","status":"publish","type":"post","link":"https:\/\/maricatotal.com.br\/site\/2026\/03\/08\/motociclista-e-preso-apos-fuga-e-manobras-perigosas-em-marica\/","title":{"rendered":"Motociclista \u00e9 preso ap\u00f3s fuga e manobras perigosas em Maric\u00e1"},"content":{"rendered":"\n<p>Um motociclista foi preso na noite de sexta-feira (6) ap\u00f3s realizar manobras perigosas e fugir de uma abordagem da <a href=\"chatgpt:\/\/generic-entity?number=0\">Guarda Municipal de Maric\u00e1<\/a>. A ocorr\u00eancia foi registrada na Avenida Jardel Filho, nas proximidades do cruzamento com a Rua Professor Cardoso de Menezes.<\/p>\n\n\n\n<p>Segundo informa\u00e7\u00f5es do Grupamento T\u00e1tico de A\u00e7\u00f5es com Motocicletas (GTAM), os agentes realizavam patrulhamento de rotina quando flagraram o condutor empinando a motocicleta em via p\u00fablica, colocando em risco pedestres e outros motoristas.<\/p>\n\n\n\n<p><strong>Persegui\u00e7\u00e3o durou cerca de 25 minutos<\/strong><\/p>\n\n\n\n<p>Diante da infra\u00e7\u00e3o, os agentes deram ordem de parada ao motociclista, que desobedeceu e iniciou fuga. Foi ent\u00e3o realizado acompanhamento t\u00e1tico pelas equipes.<\/p>\n\n\n\n<p>Durante o trajeto, de acordo com a Guarda Municipal, o condutor continuou dirigindo de forma imprudente, realizando manobras arriscadas e colocando em risco a seguran\u00e7a de quem passava pela via.<\/p>\n\n\n\n<p>Ap\u00f3s aproximadamente 25 minutos de persegui\u00e7\u00e3o, os agentes conseguiram cercar e interceptar a motocicleta, realizando a abordagem do suspeito.<\/p>\n\n\n\n<p><strong>Condutor foi preso em flagrante<\/strong><\/p>\n\n\n\n<p>O motociclista foi conduzido para a <a href=\"chatgpt:\/\/generic-entity?number=1\">82\u00aa DP<\/a> e posteriormente encaminhado \u00e0 <a href=\"chatgpt:\/\/generic-entity?number=2\">76\u00aa DP<\/a>, onde permaneceu preso em flagrante por crimes de tr\u00e2nsito previstos no C\u00f3digo de Tr\u00e2nsito Brasileiro.<\/p>\n\n\n\n<p>A autoridade policial estipulou fian\u00e7a no valor de R$ 2 mil para o condutor. As infra\u00e7\u00f5es registradas incluem condu\u00e7\u00e3o de ve\u00edculo sem habilita\u00e7\u00e3o e realiza\u00e7\u00e3o de manobras perigosas em via p\u00fablica.<\/p>\n","protected":false},"excerpt":{"rendered":"<p>Um motociclista foi preso na noite de sexta-feira (6) ap\u00f3s realizar manobras perigosas e fugir de uma abordagem da Guarda<\/p>\n","protected":false},"author":1,"featured_media":75230,"comment_status":"open","ping_status":"open","sticky":false,"template":"","format":"standard","meta":{"colormag_page_container_layout":"default_layout","colormag_page_sidebar_layout":"default_layout","footnotes":""},"categories":[1],"tags":[],"class_list":["post-75228","post","type-post","status-publish","format-standard","has-post-thumbnail","hentry","category-noticias"],"amp_enabled":true,"_links":{"self":[{"href":"https:\/\/maricatotal.com.br\/site\/wp-json\/wp\/v2\/posts\/75228","targetHints":{"allow":["GET"]}}],"collection":[{"href":"https:\/\/maricatotal.com.br\/site\/wp-json\/wp\/v2\/posts"}],"about":[{"href":"https:\/\/maricatotal.com.br\/site\/wp-json\/wp\/v2\/types\/post"}],"author":[{"embeddable":true,"href":"https:\/\/maricatotal.com.br\/site\/wp-json\/wp\/v2\/users\/1"}],"replies":[{"embeddable":true,"href":"https:\/\/maricatotal.com.br\/site\/wp-json\/wp\/v2\/comments?post=75228"}],"version-history":[{"count":1,"href":"https:\/\/maricatotal.com.br\/site\/wp-json\/wp\/v2\/posts\/75228\/revisions"}],"predecessor-version":[{"id":75231,"href":"https:\/\/maricatotal.com.br\/site\/wp-json\/wp\/v2\/posts\/75228\/revisions\/75231"}],"wp:featuredmedia":[{"embeddable":true,"href":"https:\/\/maricatotal.com.br\/site\/wp-json\/wp\/v2\/media\/75230"}],"wp:attachment":[{"href":"https:\/\/maricatotal.com.br\/site\/wp-json\/wp\/v2\/media?parent=75228"}],"wp:term":[{"taxonomy":"category","embeddable":true,"href":"https:\/\/maricatotal.com.br\/site\/wp-json\/wp\/v2\/categories?post=75228"},{"taxonomy":"post_tag","embeddable":true,"href":"https:\/\/maricatotal.com.br\/site\/wp-json\/wp\/v2\/tags?post=75228"}],"curies":[{"name":"wp","href":"https:\/\/api.w.org\/{rel}","templated":true}]}}