{"id":75246,"date":"2026-03-08T15:28:16","date_gmt":"2026-03-08T18:28:16","guid":{"rendered":"https:\/\/maricatotal.com.br\/site\/?p=75246"},"modified":"2026-03-08T15:28:16","modified_gmt":"2026-03-08T18:28:16","slug":"homem-e-preso-apos-ameacar-incendiar-casa-com-esposa-dentro-em-marica-2","status":"publish","type":"post","link":"https:\/\/maricatotal.com.br\/site\/2026\/03\/08\/homem-e-preso-apos-ameacar-incendiar-casa-com-esposa-dentro-em-marica-2\/","title":{"rendered":"Homem \u00e9 preso ap\u00f3s amea\u00e7ar incendiar casa com esposa dentro em Maric\u00e1"},"content":{"rendered":"\n<p>Um homem foi preso na noite de s\u00e1bado (7) ap\u00f3s amea\u00e7ar incendiar a pr\u00f3pria resid\u00eancia no bairro Condado, em <a href=\"chatgpt:\/\/generic-entity?number=0\"><strong>Maric\u00e1<\/strong><\/a>. A ocorr\u00eancia foi atendida por equipes da <a href=\"chatgpt:\/\/generic-entity?number=1\"><strong>Guarda Municipal de Maric\u00e1<\/strong><\/a>, com apoio dos grupamentos GTAM e GMAP.<\/p>\n\n\n\n<p>Segundo o relat\u00f3rio da ocorr\u00eancia, os agentes foram acionados por volta das 20h40 para atender uma den\u00fancia na Rua Buganv\u00edlia. No local, os guardas encontraram o homem j\u00e1 contido pela equipe do GTAM.<\/p>\n\n\n\n<p><strong>Amea\u00e7a de inc\u00eandio<\/strong><\/p>\n\n\n\n<p>De acordo com as informa\u00e7\u00f5es levantadas no atendimento, o suspeito teria espalhado gasolina pelos c\u00f4modos da casa e amea\u00e7ado colocar fogo no im\u00f3vel enquanto sua esposa estava no local.<\/p>\n\n\n\n<p>Os agentes apreenderam um gal\u00e3o contendo gasolina e registraram imagens do interior da resid\u00eancia, onde tamb\u00e9m foram encontrados m\u00f3veis danificados e arm\u00e1rios quebrados.<\/p>\n\n\n\n<p><strong>Pris\u00e3o em flagrante<\/strong><\/p>\n\n\n\n<p>Ap\u00f3s a conten\u00e7\u00e3o do suspeito, todos os envolvidos foram conduzidos para a <a href=\"chatgpt:\/\/generic-entity?number=2\"><strong>82\u00aa DP<\/strong><\/a>. Diante das evid\u00eancias apresentadas pelos agentes, a autoridade policial ratificou o <strong>auto de pris\u00e3o em flagrante<\/strong> pelo crime de inc\u00eandio, previsto no artigo 250 do C\u00f3digo Penal.<\/p>\n\n\n\n<p>O homem foi posteriormente encaminhado para a <a href=\"chatgpt:\/\/generic-entity?number=3\"><strong>76\u00aa DP<\/strong><\/a>, onde permaneceu preso \u00e0 disposi\u00e7\u00e3o da Justi\u00e7a.<\/p>\n\n\n\n<p><strong>Apoio \u00e0 v\u00edtima<\/strong><\/p>\n\n\n\n<p>Enquanto o suspeito era transferido, a equipe da Guarda Municipal permaneceu na delegacia com a v\u00edtima para prestar assist\u00eancia. Os agentes orientaram sobre medidas protetivas e forneceram informa\u00e7\u00f5es de apoio, incluindo contatos da Casa da Mulher.<\/p>\n\n\n\n<p>Ap\u00f3s o t\u00e9rmino dos procedimentos, a v\u00edtima foi conduzida em seguran\u00e7a ao local indicado por ela.<\/p>\n","protected":false},"excerpt":{"rendered":"<p>Um homem foi preso na noite de s\u00e1bado (7) ap\u00f3s amea\u00e7ar incendiar a pr\u00f3pria resid\u00eancia no bairro Condado, em Maric\u00e1.<\/p>\n","protected":false},"author":1,"featured_media":75243,"comment_status":"open","ping_status":"open","sticky":false,"template":"","format":"standard","meta":{"colormag_page_container_layout":"default_layout","colormag_page_sidebar_layout":"default_layout","footnotes":""},"categories":[1],"tags":[],"class_list":["post-75246","post","type-post","status-publish","format-standard","has-post-thumbnail","hentry","category-noticias"],"amp_enabled":true,"_links":{"self":[{"href":"https:\/\/maricatotal.com.br\/site\/wp-json\/wp\/v2\/posts\/75246","targetHints":{"allow":["GET"]}}],"collection":[{"href":"https:\/\/maricatotal.com.br\/site\/wp-json\/wp\/v2\/posts"}],"about":[{"href":"https:\/\/maricatotal.com.br\/site\/wp-json\/wp\/v2\/types\/post"}],"author":[{"embeddable":true,"href":"https:\/\/maricatotal.com.br\/site\/wp-json\/wp\/v2\/users\/1"}],"replies":[{"embeddable":true,"href":"https:\/\/maricatotal.com.br\/site\/wp-json\/wp\/v2\/comments?post=75246"}],"version-history":[{"count":1,"href":"https:\/\/maricatotal.com.br\/site\/wp-json\/wp\/v2\/posts\/75246\/revisions"}],"predecessor-version":[{"id":75247,"href":"https:\/\/maricatotal.com.br\/site\/wp-json\/wp\/v2\/posts\/75246\/revisions\/75247"}],"wp:featuredmedia":[{"embeddable":true,"href":"https:\/\/maricatotal.com.br\/site\/wp-json\/wp\/v2\/media\/75243"}],"wp:attachment":[{"href":"https:\/\/maricatotal.com.br\/site\/wp-json\/wp\/v2\/media?parent=75246"}],"wp:term":[{"taxonomy":"category","embeddable":true,"href":"https:\/\/maricatotal.com.br\/site\/wp-json\/wp\/v2\/categories?post=75246"},{"taxonomy":"post_tag","embeddable":true,"href":"https:\/\/maricatotal.com.br\/site\/wp-json\/wp\/v2\/tags?post=75246"}],"curies":[{"name":"wp","href":"https:\/\/api.w.org\/{rel}","templated":true}]}}