{"id":75249,"date":"2026-03-08T15:34:38","date_gmt":"2026-03-08T18:34:38","guid":{"rendered":"https:\/\/maricatotal.com.br\/site\/?p=75249"},"modified":"2026-03-08T15:34:39","modified_gmt":"2026-03-08T18:34:39","slug":"guarda-municipal-recupera-carro-roubado-e-prende-motorista-na-estrada-dos-cajueiros","status":"publish","type":"post","link":"https:\/\/maricatotal.com.br\/site\/2026\/03\/08\/guarda-municipal-recupera-carro-roubado-e-prende-motorista-na-estrada-dos-cajueiros\/","title":{"rendered":"Guarda Municipal recupera carro roubado e prende motorista na Estrada dos Cajueiros"},"content":{"rendered":"\n<p>Um homem foi preso na manh\u00e3 deste domingo (8) ap\u00f3s ser flagrado conduzindo um ve\u00edculo roubado durante uma a\u00e7\u00e3o da <a href=\"chatgpt:\/\/generic-entity?number=0\">Guarda Municipal de Maric\u00e1<\/a> na Estrada dos Cajueiros, em <a href=\"chatgpt:\/\/generic-entity?number=1\">Maric\u00e1<\/a>.<\/p>\n\n\n\n<p>A ocorr\u00eancia aconteceu por volta das 11h23 durante a Opera\u00e7\u00e3o Somando For\u00e7as, realizada para refor\u00e7ar a fiscaliza\u00e7\u00e3o e a seguran\u00e7a no munic\u00edpio.<\/p>\n\n\n\n<p><strong>Placa adulterada levantou suspeita<\/strong><\/p>\n\n\n\n<p>Durante a opera\u00e7\u00e3o, os agentes abordaram um ve\u00edculo para verifica\u00e7\u00e3o de rotina. Na checagem dos sinais identificadores, a equipe realizou consulta detalhada pelo sistema da <a href=\"chatgpt:\/\/generic-entity?number=2\">SENATRAN<\/a>.<\/p>\n\n\n\n<p>Ap\u00f3s confer\u00eancia dos n\u00fameros de chassi e do motor, foi constatado que o autom\u00f3vel circulava com placa clonada\/adulterada. A consulta revelou que o ve\u00edculo possu\u00eda registro de roubo ativo no sistema nacional.<\/p>\n\n\n\n<p><strong>Motorista recebeu voz de pris\u00e3o<\/strong><\/p>\n\n\n\n<p>Diante da irregularidade, o condutor, identificado como Luciano dos Santos Gomes, recebeu voz de pris\u00e3o no local.<\/p>\n\n\n\n<p>O caso foi encaminhado para a <a href=\"chatgpt:\/\/generic-entity?number=3\">82\u00aa DP<\/a>, onde a ocorr\u00eancia foi apresentada \u00e0 autoridade policial. O motorista poder\u00e1 responder pelo crime de recepta\u00e7\u00e3o, previsto no artigo 180 do C\u00f3digo Penal.<\/p>\n","protected":false},"excerpt":{"rendered":"<p>Um homem foi preso na manh\u00e3 deste domingo (8) ap\u00f3s ser flagrado conduzindo um ve\u00edculo roubado durante uma a\u00e7\u00e3o da<\/p>\n","protected":false},"author":1,"featured_media":75251,"comment_status":"open","ping_status":"open","sticky":false,"template":"","format":"standard","meta":{"colormag_page_container_layout":"default_layout","colormag_page_sidebar_layout":"default_layout","footnotes":""},"categories":[1],"tags":[],"class_list":["post-75249","post","type-post","status-publish","format-standard","has-post-thumbnail","hentry","category-noticias"],"amp_enabled":true,"_links":{"self":[{"href":"https:\/\/maricatotal.com.br\/site\/wp-json\/wp\/v2\/posts\/75249","targetHints":{"allow":["GET"]}}],"collection":[{"href":"https:\/\/maricatotal.com.br\/site\/wp-json\/wp\/v2\/posts"}],"about":[{"href":"https:\/\/maricatotal.com.br\/site\/wp-json\/wp\/v2\/types\/post"}],"author":[{"embeddable":true,"href":"https:\/\/maricatotal.com.br\/site\/wp-json\/wp\/v2\/users\/1"}],"replies":[{"embeddable":true,"href":"https:\/\/maricatotal.com.br\/site\/wp-json\/wp\/v2\/comments?post=75249"}],"version-history":[{"count":2,"href":"https:\/\/maricatotal.com.br\/site\/wp-json\/wp\/v2\/posts\/75249\/revisions"}],"predecessor-version":[{"id":75254,"href":"https:\/\/maricatotal.com.br\/site\/wp-json\/wp\/v2\/posts\/75249\/revisions\/75254"}],"wp:featuredmedia":[{"embeddable":true,"href":"https:\/\/maricatotal.com.br\/site\/wp-json\/wp\/v2\/media\/75251"}],"wp:attachment":[{"href":"https:\/\/maricatotal.com.br\/site\/wp-json\/wp\/v2\/media?parent=75249"}],"wp:term":[{"taxonomy":"category","embeddable":true,"href":"https:\/\/maricatotal.com.br\/site\/wp-json\/wp\/v2\/categories?post=75249"},{"taxonomy":"post_tag","embeddable":true,"href":"https:\/\/maricatotal.com.br\/site\/wp-json\/wp\/v2\/tags?post=75249"}],"curies":[{"name":"wp","href":"https:\/\/api.w.org\/{rel}","templated":true}]}}