{"id":75262,"date":"2026-03-10T00:10:41","date_gmt":"2026-03-10T03:10:41","guid":{"rendered":"https:\/\/maricatotal.com.br\/site\/?p=75262"},"modified":"2026-03-10T00:10:41","modified_gmt":"2026-03-10T03:10:41","slug":"homem-e-flagrado-furtando-cabos-eletricos-de-restaurantes-no-centro-de-marica","status":"publish","type":"post","link":"https:\/\/maricatotal.com.br\/site\/2026\/03\/10\/homem-e-flagrado-furtando-cabos-eletricos-de-restaurantes-no-centro-de-marica\/","title":{"rendered":"Homem \u00e9 flagrado furtando cabos el\u00e9tricos de restaurantes no Centro de Maric\u00e1"},"content":{"rendered":"\n<p>Um homem foi registrado por c\u00e2meras de seguran\u00e7a furtando cabos e fios da rede el\u00e9trica de dois restaurantes no Centro de <a href=\"chatgpt:\/\/generic-entity?number=0\">Maric\u00e1<\/a>, na noite de domingo (9).<\/p>\n\n\n\n<p>Segundo os propriet\u00e1rios, o suspeito retirou parte da fia\u00e7\u00e3o el\u00e9trica dos restaurantes Varand\u00e3o do Z\u00e9 Carlos e Jo\u00e3o Jo\u00e3o.<\/p>\n\n\n\n<p><strong>Com\u00e9rcio afetado<\/strong><\/p>\n\n\n\n<p>Com o furto dos cabos, os estabelecimentos tiveram problemas no fornecimento de energia para alguns equipamentos. A situa\u00e7\u00e3o acabou impossibilitando o funcionamento do sistema de ar-condicionado durante a manh\u00e3 e a tarde desta segunda-feira (10), afetando o atendimento aos clientes.<\/p>\n\n\n\n<p><strong>Caso foi registrado na delegacia<\/strong><\/p>\n\n\n\n<p>O crime foi registrado na <a href=\"chatgpt:\/\/generic-entity?number=1\">82\u00aa DP<\/a>, que dever\u00e1 analisar as imagens das c\u00e2meras de seguran\u00e7a para identificar o autor do furto.<\/p>\n\n\n\n<p>Casos de furto de cabos e fios el\u00e9tricos t\u00eam sido registrados com frequ\u00eancia em diversas cidades, causando preju\u00edzos a comerciantes e transtornos \u00e0 popula\u00e7\u00e3o.<\/p>\n","protected":false},"excerpt":{"rendered":"<p>Um homem foi registrado por c\u00e2meras de seguran\u00e7a furtando cabos e fios da rede el\u00e9trica de dois restaurantes no Centro<\/p>\n","protected":false},"author":1,"featured_media":75264,"comment_status":"open","ping_status":"open","sticky":false,"template":"","format":"standard","meta":{"colormag_page_container_layout":"default_layout","colormag_page_sidebar_layout":"default_layout","footnotes":""},"categories":[1],"tags":[],"class_list":["post-75262","post","type-post","status-publish","format-standard","has-post-thumbnail","hentry","category-noticias"],"amp_enabled":true,"_links":{"self":[{"href":"https:\/\/maricatotal.com.br\/site\/wp-json\/wp\/v2\/posts\/75262","targetHints":{"allow":["GET"]}}],"collection":[{"href":"https:\/\/maricatotal.com.br\/site\/wp-json\/wp\/v2\/posts"}],"about":[{"href":"https:\/\/maricatotal.com.br\/site\/wp-json\/wp\/v2\/types\/post"}],"author":[{"embeddable":true,"href":"https:\/\/maricatotal.com.br\/site\/wp-json\/wp\/v2\/users\/1"}],"replies":[{"embeddable":true,"href":"https:\/\/maricatotal.com.br\/site\/wp-json\/wp\/v2\/comments?post=75262"}],"version-history":[{"count":1,"href":"https:\/\/maricatotal.com.br\/site\/wp-json\/wp\/v2\/posts\/75262\/revisions"}],"predecessor-version":[{"id":75265,"href":"https:\/\/maricatotal.com.br\/site\/wp-json\/wp\/v2\/posts\/75262\/revisions\/75265"}],"wp:featuredmedia":[{"embeddable":true,"href":"https:\/\/maricatotal.com.br\/site\/wp-json\/wp\/v2\/media\/75264"}],"wp:attachment":[{"href":"https:\/\/maricatotal.com.br\/site\/wp-json\/wp\/v2\/media?parent=75262"}],"wp:term":[{"taxonomy":"category","embeddable":true,"href":"https:\/\/maricatotal.com.br\/site\/wp-json\/wp\/v2\/categories?post=75262"},{"taxonomy":"post_tag","embeddable":true,"href":"https:\/\/maricatotal.com.br\/site\/wp-json\/wp\/v2\/tags?post=75262"}],"curies":[{"name":"wp","href":"https:\/\/api.w.org\/{rel}","templated":true}]}}