{"id":75273,"date":"2026-03-10T20:28:52","date_gmt":"2026-03-10T23:28:52","guid":{"rendered":"https:\/\/maricatotal.com.br\/site\/?p=75273"},"modified":"2026-03-10T20:28:52","modified_gmt":"2026-03-10T23:28:52","slug":"uniao-de-marica-leva-samba-para-maior-feira-imobiliaria-do-mundo-em-cannes","status":"publish","type":"post","link":"https:\/\/maricatotal.com.br\/site\/2026\/03\/10\/uniao-de-marica-leva-samba-para-maior-feira-imobiliaria-do-mundo-em-cannes\/","title":{"rendered":"Uni\u00e3o de Maric\u00e1 leva samba para maior feira imobili\u00e1ria do mundo em Cannes"},"content":{"rendered":"\n<p>A <a href=\"chatgpt:\/\/generic-entity?number=0\">Uni\u00e3o de Maric\u00e1<\/a> levou o ritmo do samba brasileiro at\u00e9 a Riviera Francesa ao se apresentar nesta ter\u00e7a-feira (10) no <a href=\"chatgpt:\/\/generic-entity?number=1\">MIPIM<\/a>, considerado o maior evento global do setor imobili\u00e1rio e de desenvolvimento urbano.<\/p>\n\n\n\n<p>A apresenta\u00e7\u00e3o aconteceu no estande da cidade de <a href=\"chatgpt:\/\/generic-entity?number=2\">Maric\u00e1<\/a>, instalado no <a href=\"chatgpt:\/\/generic-entity?number=3\">Palais des Festivals et des Congr\u00e8s de Cannes<\/a>, al\u00e9m de participar da abertura oficial realizada no tradicional H\u00f4tel Martinez.<\/p>\n\n\n\n<p><strong>Samba brasileiro em cen\u00e1rio internacional<\/strong><\/p>\n\n\n\n<p>Pela primeira vez, integrantes da escola atravessaram o oceano para apresentar a cultura do carnaval carioca diante de um p\u00fablico formado por investidores, gestores p\u00fablicos e lideran\u00e7as de diversos pa\u00edses.<\/p>\n\n\n\n<p>A passista Andressa Campos destacou a import\u00e2ncia do momento para a escola e para a cidade.<\/p>\n\n\n\n<p>\u201cA Uni\u00e3o de Maric\u00e1 vem fazendo um trabalho incr\u00edvel desde a Intendente Magalh\u00e3es, evoluindo muito. \u00c9 emocionante estar em outro pa\u00eds representando essa cultura maravilhosa de Maric\u00e1\u201d, afirmou.<\/p>\n\n\n\n<p><strong>Cultura como cart\u00e3o de visitas da cidade<\/strong><\/p>\n\n\n\n<p>O MIPIM re\u00fane representantes de mais de 90 pa\u00edses para discutir o futuro das cidades e do desenvolvimento urbano. No evento, Maric\u00e1 tamb\u00e9m apresentou sua identidade cultural por meio do samba.<\/p>\n\n\n\n<p>O m\u00fasico Dudu ressaltou a experi\u00eancia de levar o ritmo brasileiro para o p\u00fablico europeu.<\/p>\n\n\n\n<p>\u201c\u00c9 uma oportunidade \u00fanica de trazer a cultura de Maric\u00e1 e do samba para a Europa. Vamos mostrar o que o samba tem e colocar todo mundo para cantar e se divertir\u201d, disse.<\/p>\n\n\n\n<p>A ritmista Tailly Garcia, da bateria Maricad\u00eancia, tamb\u00e9m celebrou o momento.<\/p>\n\n\n\n<p>\u201c\u00c9 minha primeira viagem internacional e ainda representando Maric\u00e1. \u00c9 uma experi\u00eancia muito gratificante levar nossa cultura para o mundo\u201d, comentou.<\/p>\n\n\n\n<p><strong>Apresenta\u00e7\u00e3o continua no evento<\/strong><\/p>\n\n\n\n<p>A programa\u00e7\u00e3o da escola no MIPIM segue na quinta-feira (12), quando a Uni\u00e3o de Maric\u00e1 far\u00e1 uma nova apresenta\u00e7\u00e3o em <a href=\"chatgpt:\/\/generic-entity?number=4\">Cannes<\/a>.<\/p>\n\n\n\n<p>Outros nomes importantes do samba brasileiro tamb\u00e9m participam do evento, entre eles <a href=\"chatgpt:\/\/generic-entity?number=5\">Neguinho da Beija-Flor<\/a> e <a href=\"chatgpt:\/\/generic-entity?number=6\">Moacyr Luz<\/a>, refor\u00e7ando a presen\u00e7a da cultura brasileira em um dos maiores encontros internacionais de neg\u00f3cios.<\/p>\n","protected":false},"excerpt":{"rendered":"<p>A Uni\u00e3o de Maric\u00e1 levou o ritmo do samba brasileiro at\u00e9 a Riviera Francesa ao se apresentar nesta ter\u00e7a-feira (10)<\/p>\n","protected":false},"author":1,"featured_media":75274,"comment_status":"open","ping_status":"open","sticky":false,"template":"","format":"standard","meta":{"colormag_page_container_layout":"default_layout","colormag_page_sidebar_layout":"default_layout","footnotes":""},"categories":[1],"tags":[],"class_list":["post-75273","post","type-post","status-publish","format-standard","has-post-thumbnail","hentry","category-noticias"],"amp_enabled":true,"_links":{"self":[{"href":"https:\/\/maricatotal.com.br\/site\/wp-json\/wp\/v2\/posts\/75273","targetHints":{"allow":["GET"]}}],"collection":[{"href":"https:\/\/maricatotal.com.br\/site\/wp-json\/wp\/v2\/posts"}],"about":[{"href":"https:\/\/maricatotal.com.br\/site\/wp-json\/wp\/v2\/types\/post"}],"author":[{"embeddable":true,"href":"https:\/\/maricatotal.com.br\/site\/wp-json\/wp\/v2\/users\/1"}],"replies":[{"embeddable":true,"href":"https:\/\/maricatotal.com.br\/site\/wp-json\/wp\/v2\/comments?post=75273"}],"version-history":[{"count":1,"href":"https:\/\/maricatotal.com.br\/site\/wp-json\/wp\/v2\/posts\/75273\/revisions"}],"predecessor-version":[{"id":75275,"href":"https:\/\/maricatotal.com.br\/site\/wp-json\/wp\/v2\/posts\/75273\/revisions\/75275"}],"wp:featuredmedia":[{"embeddable":true,"href":"https:\/\/maricatotal.com.br\/site\/wp-json\/wp\/v2\/media\/75274"}],"wp:attachment":[{"href":"https:\/\/maricatotal.com.br\/site\/wp-json\/wp\/v2\/media?parent=75273"}],"wp:term":[{"taxonomy":"category","embeddable":true,"href":"https:\/\/maricatotal.com.br\/site\/wp-json\/wp\/v2\/categories?post=75273"},{"taxonomy":"post_tag","embeddable":true,"href":"https:\/\/maricatotal.com.br\/site\/wp-json\/wp\/v2\/tags?post=75273"}],"curies":[{"name":"wp","href":"https:\/\/api.w.org\/{rel}","templated":true}]}}