{"id":75278,"date":"2026-03-11T11:38:19","date_gmt":"2026-03-11T14:38:19","guid":{"rendered":"https:\/\/maricatotal.com.br\/site\/?p=75278"},"modified":"2026-03-11T11:38:19","modified_gmt":"2026-03-11T14:38:19","slug":"mae-e-presa-na-baixada-fluminense-suspeita-de-abusar-das-filhas-e-divulgar-videos-na-dark-web","status":"publish","type":"post","link":"https:\/\/maricatotal.com.br\/site\/2026\/03\/11\/mae-e-presa-na-baixada-fluminense-suspeita-de-abusar-das-filhas-e-divulgar-videos-na-dark-web\/","title":{"rendered":"M\u00e3e \u00e9 presa na Baixada Fluminense suspeita de abusar das filhas e divulgar v\u00eddeos na Dark Web"},"content":{"rendered":"\n<p>Uma a\u00e7\u00e3o da <strong>Pol\u00edcia Federal<\/strong> resultou na pris\u00e3o preventiva de uma mulher de 33 anos nesta ter\u00e7a-feira (10). Ela \u00e9 acusada de cometer abusos sexuais contra as pr\u00f3prias filhas, de apenas 4 e 9 anos de idade. A ofensiva policial ocorreu em Duque de Caxias e faz parte da <strong>Opera\u00e7\u00e3o Guardi\u00f5es<\/strong>, que combate crimes de explora\u00e7\u00e3o infantil na rede.<\/p>\n\n\n\n<h3 class=\"wp-block-heading\">Investiga\u00e7\u00e3o e Rastreamento Digital<\/h3>\n\n\n\n<p>O caso come\u00e7ou a ser monitorado no ano passado por especialistas em intelig\u00eancia cibern\u00e9tica da PF. O ponto de partida foi a identifica\u00e7\u00e3o de arquivos contendo cenas de abuso circulando em f\u00f3runs da <strong>Dark Web<\/strong> \u2014 uma camada oculta da internet utilizada para o anonimato de atividades il\u00edcitas.<\/p>\n\n\n\n<p>De acordo com as autoridades, a investiga\u00e7\u00e3o revelou detalhes alarmantes:<\/p>\n\n\n\n<ul class=\"wp-block-list\">\n<li><strong>Produ\u00e7\u00e3o e Compartilhamento:<\/strong> Al\u00e9m de praticar os abusos, a suspeita filmava os atos e distribu\u00eda o conte\u00fado criminoso atrav\u00e9s de aplicativos de mensagens.<\/li>\n\n\n\n<li><strong>Apreens\u00f5es:<\/strong> Durante o cumprimento de dois mandados de busca e apreens\u00e3o, os agentes retiveram o celular da investigada para per\u00edcia t\u00e9cnica, buscando identificar o alcance da rede de compartilhamento.<\/li>\n<\/ul>\n\n\n\n<h3 class=\"wp-block-heading\">Medidas de Prote\u00e7\u00e3o e Penalidades<\/h3>\n\n\n\n<p>As duas crian\u00e7as foram retiradas do conv\u00edvio materno e encaminhadas ao <strong>Conselho Tutelar<\/strong>, onde receber\u00e3o acompanhamento psicossocial especializado.<\/p>\n\n\n\n<p>A mulher responder\u00e1 por uma s\u00e9rie de crimes graves, conforme previsto no C\u00f3digo Penal e no Estatuto da Crian\u00e7a e do Adolescente (ECA):<\/p>\n\n\n\n<ol start=\"1\" class=\"wp-block-list\">\n<li><strong>Estupro de vulner\u00e1vel<\/strong>;<\/li>\n\n\n\n<li><strong>Produ\u00e7\u00e3o e armazenamento<\/strong> de material de abuso sexual infantil;<\/li>\n\n\n\n<li><strong>Divulga\u00e7\u00e3o e compartilhamento<\/strong> de cenas de explora\u00e7\u00e3o.<\/li>\n<\/ol>\n","protected":false},"excerpt":{"rendered":"<p>Uma a\u00e7\u00e3o da Pol\u00edcia Federal resultou na pris\u00e3o preventiva de uma mulher de 33 anos nesta ter\u00e7a-feira (10). Ela \u00e9<\/p>\n","protected":false},"author":1,"featured_media":63545,"comment_status":"open","ping_status":"open","sticky":false,"template":"","format":"standard","meta":{"colormag_page_container_layout":"default_layout","colormag_page_sidebar_layout":"default_layout","footnotes":""},"categories":[1],"tags":[],"class_list":["post-75278","post","type-post","status-publish","format-standard","has-post-thumbnail","hentry","category-noticias"],"amp_enabled":true,"_links":{"self":[{"href":"https:\/\/maricatotal.com.br\/site\/wp-json\/wp\/v2\/posts\/75278","targetHints":{"allow":["GET"]}}],"collection":[{"href":"https:\/\/maricatotal.com.br\/site\/wp-json\/wp\/v2\/posts"}],"about":[{"href":"https:\/\/maricatotal.com.br\/site\/wp-json\/wp\/v2\/types\/post"}],"author":[{"embeddable":true,"href":"https:\/\/maricatotal.com.br\/site\/wp-json\/wp\/v2\/users\/1"}],"replies":[{"embeddable":true,"href":"https:\/\/maricatotal.com.br\/site\/wp-json\/wp\/v2\/comments?post=75278"}],"version-history":[{"count":1,"href":"https:\/\/maricatotal.com.br\/site\/wp-json\/wp\/v2\/posts\/75278\/revisions"}],"predecessor-version":[{"id":75280,"href":"https:\/\/maricatotal.com.br\/site\/wp-json\/wp\/v2\/posts\/75278\/revisions\/75280"}],"wp:featuredmedia":[{"embeddable":true,"href":"https:\/\/maricatotal.com.br\/site\/wp-json\/wp\/v2\/media\/63545"}],"wp:attachment":[{"href":"https:\/\/maricatotal.com.br\/site\/wp-json\/wp\/v2\/media?parent=75278"}],"wp:term":[{"taxonomy":"category","embeddable":true,"href":"https:\/\/maricatotal.com.br\/site\/wp-json\/wp\/v2\/categories?post=75278"},{"taxonomy":"post_tag","embeddable":true,"href":"https:\/\/maricatotal.com.br\/site\/wp-json\/wp\/v2\/tags?post=75278"}],"curies":[{"name":"wp","href":"https:\/\/api.w.org\/{rel}","templated":true}]}}