{"id":7528,"date":"2020-03-11T17:56:58","date_gmt":"2020-03-11T20:56:58","guid":{"rendered":"http:\/\/maricatotal.com.br\/site\/?p=7528"},"modified":"2020-03-30T19:04:38","modified_gmt":"2020-03-30T22:04:38","slug":"oms-declara-pandemia-de-coronavirus","status":"publish","type":"post","link":"https:\/\/maricatotal.com.br\/site\/2020\/03\/11\/oms-declara-pandemia-de-coronavirus\/","title":{"rendered":"OMS DECLARA PANDEMIA DE CORONAV\u00cdRUS"},"content":{"rendered":"\n<figure class=\"wp-block-image size-large\"><img loading=\"lazy\" decoding=\"async\" width=\"750\" height=\"503\" src=\"http:\/\/maricatotal.com.br\/site\/wp-content\/uploads\/2020\/03\/A0AB5D60-2CF4-4F2D-80A8-504708354CDC.jpeg\" alt=\"\" class=\"wp-image-7529\" srcset=\"https:\/\/maricatotal.com.br\/site\/wp-content\/uploads\/2020\/03\/A0AB5D60-2CF4-4F2D-80A8-504708354CDC.jpeg 750w, https:\/\/maricatotal.com.br\/site\/wp-content\/uploads\/2020\/03\/A0AB5D60-2CF4-4F2D-80A8-504708354CDC-300x201.jpeg 300w\" sizes=\"auto, (max-width: 750px) 100vw, 750px\" \/><\/figure>\n\n\n\n<p>A Organiza\u00e7\u00e3o Mundial de Sa\u00fade (OMS) declarou nesta quarta-feira (11) a pandemia de\u00a0Covid-19, doen\u00e7a causada pelo\u00a0novo coronav\u00edrus (Sars-Cov-2). Segundo o \u00f3rg\u00e3o, o n\u00famero de pacientes infectados, de mortes e de pa\u00edses\u00a0<strong>atingidos deve aumentar nos pr\u00f3ximos dias e semanas.\u00a0<\/strong>Apesar disso, os diretores ressaltaram que a\u00a0<strong>declara\u00e7\u00e3o n\u00e3o muda as orienta\u00e7\u00f5es,<\/strong>e que os governos devem manter o\u00a0<strong>foco na conten\u00e7\u00e3o da circula\u00e7\u00e3o do v\u00edrus<\/strong>.\u00a0<\/p>\n\n\n\n<p>Na pr\u00e1tica,\u00a0o termo pandemia\u00a0se refere ao momento em que uma doen\u00e7a j\u00e1 est\u00e1 espalhada por diversos continentes com\u00a0transmiss\u00e3o sustentada\u00a0entre as pessoas. Nesta quarta, o\u00a0<strong>G1\u00a0<\/strong>mostrou que cresceu o ritmo de dissemina\u00e7\u00e3o do v\u00edrus e que\u00a0metade dos pa\u00edses atingidos registraram os primeiros casos de Covid-19 nos \u00faltimos dez dias.\u00a0<\/p>\n\n\n\n<p>Nas \u00faltimas duas semanas, segundo a OMS, o n\u00famero de casos fora da China aumentou 13 vezes e o n\u00famero de pa\u00edses afetados triplicou. S\u00e3o mais de 118 mil casos ao redor do mundo e 4.291 mortes.<\/p>\n\n\n\n<blockquote class=\"wp-block-quote is-layout-flow wp-block-quote-is-layout-flow\"><p>&#8220;A descri\u00e7\u00e3o da situa\u00e7\u00e3o como uma pandemia n\u00e3o altera a avalia\u00e7\u00e3o da OMS da amea\u00e7a representada por esse v\u00edrus. Isso n\u00e3o muda o que a OMS est\u00e1 fazendo nem o que os pa\u00edses devem fazer&#8221; &#8211; Tedros Adhanom Ghebreyesus, diretor-geral da OMS<\/p><\/blockquote>\n\n\n\n<p>Tamb\u00e9m o diretor-executivo do programa de emerg\u00eancias da OMS, Michael Ryan, ressaltou que a declara\u00e7\u00e3o n\u00e3o significa que a OMS v\u00e1 adotar novas recomenda\u00e7\u00f5es no combate ao v\u00edrus.\u00a0<\/p>\n\n\n\n<blockquote class=\"wp-block-quote is-layout-flow wp-block-quote-is-layout-flow\"><p>&#8220;A declara\u00e7\u00e3o de uma pandemia n\u00e3o \u00e9 como a de uma emerg\u00eancia internacional &#8211; \u00e9 uma caracteriza\u00e7\u00e3o ou descri\u00e7\u00e3o de uma situa\u00e7\u00e3o, n\u00e3o \u00e9 uma mudan\u00e7a na situa\u00e7\u00e3o. (&#8230;) N\u00e3o \u00e9 hora para os pa\u00edses seguirem apenas para a mitiga\u00e7\u00e3o&#8221; &#8211; Michael Ryan, diretor-executivo do programa de emerg\u00eancias da OMS<\/p><\/blockquote>\n\n\n\n<p><strong>Mitiga\u00e7\u00e3o \u00e9 a estrat\u00e9gia de sa\u00fade p\u00fablica<\/strong>\u00a0que busca sobretudo cuidar dos doentes e p\u00fablicos priorit\u00e1rios. Como afirmaram os diretores, a\u00a0<strong>OMS ainda acredita que a conten\u00e7\u00e3o<\/strong>\u00a0da circula\u00e7\u00e3o do v\u00edrus precisa ser buscada por todos os pa\u00edses e \u00e9 apontada como pilar das a\u00e7\u00f5es.<\/p>\n\n\n\n<p><strong>Declara\u00e7\u00e3o n\u00e3o muda nada para o Brasil, diz ministro da Sa\u00fade<\/strong><\/p>\n\n\n\n<p>Nesta tarde,&nbsp;<strong>o ministro da Sa\u00fade, Luiz Henrique Mandetta<\/strong>, disse que a declara\u00e7\u00e3o de pandemia j\u00e1 era esperada e que<strong>&nbsp;<\/strong><a href=\"https:\/\/g1.globo.com\/df\/distrito-federal\/noticia\/2020\/03\/11\/ministro-da-saude-diz-que-nada-muda-no-brasil-com-a-declaracao-de-pandemia-do-coronavirus.ghtml\"><strong>ela, na pr\u00e1tica, n\u00e3o muda nada para o Brasil<\/strong><\/a><strong>.<\/strong>&nbsp;Ele retomou uma cr\u00edtica que j\u00e1 tinha feito antes \u00e0 OMS, afirmando que o \u00f3rg\u00e3o demorou para usar essa defini\u00e7\u00e3o.&nbsp;<\/p>\n\n\n\n<blockquote class=\"wp-block-quote is-layout-flow wp-block-quote-is-layout-flow\"><p>&#8220;Acho que a OMS demorou para decretar pandemia. L\u00e1 atr\u00e1s, n\u00f3s j\u00e1 t\u00ednhamos decretado emerg\u00eancia sanit\u00e1ria de interesse nacional&#8221;, disse Mandetta.&nbsp;<\/p><\/blockquote>\n\n\n\n<p>A&nbsp;<a href=\"https:\/\/g1.globo.com\/jornal-nacional\/noticia\/2020\/02\/04\/brasil-decreta-emergencia-sanitaria-por-causa-do-novo-coronavirus.ghtml\">emerg\u00eancia sanit\u00e1ria no Brasil foi decretada no dia 4 de fevereiro<\/a>&nbsp;&#8211; antes da confirma\u00e7\u00e3o do&nbsp;<a href=\"https:\/\/g1.globo.com\/ciencia-e-saude\/noticia\/2020\/02\/26\/ministerio-da-saude-fala-sobre-caso-possivel-paciente-com-coronavirus.ghtml\">primeiro caso no pa\u00eds, no dia 26<\/a>.&nbsp;<\/p>\n\n\n\n<p>&#8220;N\u00f3s j\u00e1 temos casos confirmados dentro do pa\u00eds,&nbsp;<a href=\"https:\/\/g1.globo.com\/bemestar\/coronavirus\/noticia\/2020\/03\/05\/brasil-tem-sete-casos-confirmados-de-novo-coronavirus-diz-ministerio-da-saude.ghtml\">temos transmiss\u00e3o local<\/a>, n\u00e3o temos ainda transmiss\u00e3o sustentada \u2013 que pode ser a pr\u00f3xima etapa. E a cada etapa temos medidas adicionais que v\u00e3o sendo decretadas&#8221;, acrescentou o ministro da Sa\u00fade.&nbsp;<\/p>\n\n\n\n<p>Antes da declara\u00e7\u00e3o da pandemia, a defini\u00e7\u00e3o de casos suspeitos usada no Brasil&nbsp;<strong>exclu\u00eda&nbsp;<\/strong>viajantes que retornavam da \u00c1frica e Am\u00e9ricas do Sul. Agora, segundo Mandetta, ser\u00e3o investigados como poss\u00edveis casos suspeitos pessoas que voltarem de qualquer viagem ao exterior e apresentarem febre e mais um&nbsp;<a href=\"https:\/\/g1.globo.com\/bemestar\/coronavirus\/noticia\/2020\/02\/27\/quais-sao-os-sintomas-da-doenca-causada-pelo-novo-coronavirus.ghtml\">sintoma<\/a>&nbsp;(dificuldade respirat\u00f3ria, dor no corpo e\/ou tosse).&nbsp;<\/p>\n\n\n\n<h2 class=\"wp-block-heading\">Desistir \u00e9 um erro, diz OMS&nbsp;<\/h2>\n\n\n\n<p>Os diretores da OMS ressaltaram ao longo das suas exposi\u00e7\u00f5es que o quadro da circula\u00e7\u00e3o do novo coronav\u00edrus mostra que&nbsp;<strong>ainda \u00e9 poss\u00edvel diminuir seus impactos e dissemina\u00e7\u00e3o<\/strong>.&nbsp;<\/p>\n\n\n\n<blockquote class=\"wp-block-quote is-layout-flow wp-block-quote-is-layout-flow\"><p>&#8220;Quando dizemos que a situa\u00e7\u00e3o \u00e9 de pandemia, n\u00e3o estamos dizendo que o mundo deve sair da conten\u00e7\u00e3o para a mitiga\u00e7\u00e3o. N\u00e3o estamos&#8221;, ressaltou Tedros. &#8220;Seria um erro abandonar a estrat\u00e9gia de conten\u00e7\u00e3o&#8221;.<\/p><\/blockquote>\n\n\n\n<p>Ele lembrou que&nbsp;<strong>81 pa\u00edses n\u00e3o t\u00eam casos de Covid-19<\/strong>. &#8220;Eles devem fazer o m\u00e1ximo para evitar qualquer caso importado&#8221;, pediu.&nbsp;<\/p>\n\n\n\n<p>Outros 57 pa\u00edses, disse Tedros, t\u00eam at\u00e9 10 casos, e 90% das infec\u00e7\u00f5es do mundo v\u00eam de 4 pa\u00edses: al\u00e9m da China, a\u00a0It\u00e1lia, o\u00a0Ir\u00e3<a href=\"https:\/\/g1.globo.com\/tudo-sobre\/ira\/\">\u00a0<\/a>e a\u00a0Coreia do Sul\u00a0t\u00eam as maiores quantidades de casos de Covid-19.\u00a0<\/p>\n\n\n\n<blockquote class=\"wp-block-quote is-layout-flow wp-block-quote-is-layout-flow\"><p>&#8220;Esse \u00e9 o primeiro\u00a0coronav\u00edrus\u00a0a ser chamado de pandemia, mas tamb\u00e9m acreditamos que ser\u00e1 o primeiro a ser contido ou controlado&#8221;, afirmou o diretor-geral da OMS.<\/p><\/blockquote>\n\n\n\n<p>O diretor de programas de emerg\u00eancia da entidade, Michael Ryan, lembrou de pa\u00edses como China,\u00a0Singapura\u00a0e Coreia do Sul como bons exemplos de lugares que conseguiram frear a dissemina\u00e7\u00e3o do v\u00edrus, e reiterou a necessidade de tentar cont\u00ea-lo.\u00a0<\/p>\n\n\n\n<blockquote class=\"wp-block-quote is-layout-flow wp-block-quote-is-layout-flow\"><p>&#8220;N\u00e3o significa que vamos par\u00e1-lo completamente &#8211; o que significa \u00e9 que existe uma chance real de de abaixar a curva [de transmiss\u00e3o] e reduzir o n\u00famero de casos que o nosso sistema de sa\u00fade tem que administrar &#8211; e dar a ele a chance de salvar mais vidas&#8221;, disse Ryan.<\/p><\/blockquote>\n\n\n\n<p>Ele tamb\u00e9m alertou para o risco a ser evitado com o uso da palavra pandemia: as pessoas n\u00e3o devem usar a declara\u00e7\u00e3o como desculpa para desistir do combate e de tentativas de conter a circula\u00e7\u00e3o do v\u00edrus.<\/p>\n\n\n\n<blockquote class=\"wp-block-quote is-layout-flow wp-block-quote-is-layout-flow\"><p>&#8220;Pandemia n\u00e3o \u00e9 uma palavra para ser usada de maneira leviana ou descuidada. \u00c9 uma palavra que, se mal utilizada, pode causar medo irracional ou aceita\u00e7\u00e3o injustificada de que a luta acabou, levando a sofrimento e morte desnecess\u00e1rios&#8221; &#8211; Tedros Adhanom Ghebreyesus, diretor-geral da OMS<\/p><\/blockquote>\n\n\n\n<p>Ryan criticou questionamentos sobre o custo de tra\u00e7ar os contatos que os pacientes diagnosticados tiveram.&nbsp;<\/p>\n\n\n\n<p>&#8220;Tra\u00e7ar contatos n\u00e3o \u00e9 caro, \u00e9 uma interven\u00e7\u00e3o muito b\u00e1sica de sa\u00fade p\u00fablica. Envolve interromper a vida de uma propor\u00e7\u00e3o pequena da popula\u00e7\u00e3o &#8211; em termos de quarentena, isolamento de casos. E \u00e9 muito duro para essas fam\u00edlias individuais. Mas, por favor, me digam se isso \u00e9 mais ou menos caro que medidas de distanciamento social que incluem\u00a0bloquear<a href=\"https:\/\/g1.globo.com\/mundo\/noticia\/2020\/03\/09\/italia-anuncia-novas-medidas-para-conter-novo-coronavirus.ghtml\"> <\/a>inteiras, cancelar todos os eventos\u00a0esportivos,\u00a0religiosos,\u00a0fechar escolas. O que \u00e9 mais caro?&#8221;, questionou.\u00a0<\/p>\n\n\n\n<p>&#8220;Se n\u00e3o tentar suprimir, pode sobrecarregar o sistema de sa\u00fade. Tem que haver esfor\u00e7os para frear a dissemina\u00e7\u00e3o da infec\u00e7\u00e3o&#8221;, acrescentou Ryan.&nbsp;<\/p>\n\n\n\n<h2 class=\"wp-block-heading\">Focos de a\u00e7\u00e3o dos pa\u00edses<\/h2>\n\n\n\n<p>De acordo com Tedros, os pa\u00edses precisam preparar respostas em \u00e1reas chaves: detectar, proteger, tratar, reduzir a transmiss\u00e3o, inovar e aprender.&nbsp;<\/p>\n\n\n\n<p>Perguntado pelos jornalistas se h\u00e1 recomenda\u00e7\u00e3o para fechar escolas e fronteiras, o diretor-executivo do programa de emerg\u00eancias da OMS, Michael Ryan, avaliou que essas decis\u00f5es t\u00eam sido tomadas com base na avalia\u00e7\u00e3o de risco dos pa\u00edses.&nbsp;<\/p>\n\n\n\n<p>De acordo com ele, pa\u00edses com n\u00famero menor de casos n\u00e3o alcan\u00e7ar\u00e3o grande impacto com medidas de isolamento social.&nbsp;<\/p>\n\n\n\n<p>(G1)<\/p>\n","protected":false},"excerpt":{"rendered":"<p>A Organiza\u00e7\u00e3o Mundial de Sa\u00fade (OMS) declarou nesta quarta-feira (11) a pandemia de\u00a0Covid-19, doen\u00e7a causada pelo\u00a0novo coronav\u00edrus (Sars-Cov-2). Segundo o<\/p>\n","protected":false},"author":1,"featured_media":0,"comment_status":"open","ping_status":"open","sticky":false,"template":"","format":"standard","meta":{"colormag_page_container_layout":"default_layout","colormag_page_sidebar_layout":"default_layout","footnotes":""},"categories":[18],"tags":[],"class_list":["post-7528","post","type-post","status-publish","format-standard","hentry","category-entretenimento"],"amp_enabled":true,"_links":{"self":[{"href":"https:\/\/maricatotal.com.br\/site\/wp-json\/wp\/v2\/posts\/7528","targetHints":{"allow":["GET"]}}],"collection":[{"href":"https:\/\/maricatotal.com.br\/site\/wp-json\/wp\/v2\/posts"}],"about":[{"href":"https:\/\/maricatotal.com.br\/site\/wp-json\/wp\/v2\/types\/post"}],"author":[{"embeddable":true,"href":"https:\/\/maricatotal.com.br\/site\/wp-json\/wp\/v2\/users\/1"}],"replies":[{"embeddable":true,"href":"https:\/\/maricatotal.com.br\/site\/wp-json\/wp\/v2\/comments?post=7528"}],"version-history":[{"count":0,"href":"https:\/\/maricatotal.com.br\/site\/wp-json\/wp\/v2\/posts\/7528\/revisions"}],"wp:attachment":[{"href":"https:\/\/maricatotal.com.br\/site\/wp-json\/wp\/v2\/media?parent=7528"}],"wp:term":[{"taxonomy":"category","embeddable":true,"href":"https:\/\/maricatotal.com.br\/site\/wp-json\/wp\/v2\/categories?post=7528"},{"taxonomy":"post_tag","embeddable":true,"href":"https:\/\/maricatotal.com.br\/site\/wp-json\/wp\/v2\/tags?post=7528"}],"curies":[{"name":"wp","href":"https:\/\/api.w.org\/{rel}","templated":true}]}}