{"id":75282,"date":"2026-03-11T11:45:39","date_gmt":"2026-03-11T14:45:39","guid":{"rendered":"https:\/\/maricatotal.com.br\/site\/?p=75282"},"modified":"2026-03-11T11:45:39","modified_gmt":"2026-03-11T14:45:39","slug":"homem-e-preso-em-flagrante-dentro-de-delegacia-apos-tentar-intimidar-enteada-vitima-de-estupro","status":"publish","type":"post","link":"https:\/\/maricatotal.com.br\/site\/2026\/03\/11\/homem-e-preso-em-flagrante-dentro-de-delegacia-apos-tentar-intimidar-enteada-vitima-de-estupro\/","title":{"rendered":"Homem \u00e9 preso em flagrante dentro de delegacia ap\u00f3s tentar intimidar enteada v\u00edtima de estupro"},"content":{"rendered":"\n<p>Em um desdobramento incomum, a Pol\u00edcia Civil prendeu um homem em flagrante na \u00faltima ter\u00e7a-feira (10), na Zona Norte de Niter\u00f3i. O acusado, que \u00e9 padrasto de uma adolescente de 16 anos, foi detido no exato momento em que tentava coagir a jovem dentro da <strong>78\u00aa DP (Fonseca)<\/strong>, enquanto ela prestava depoimento sobre os abusos sofridos.<\/p>\n\n\n\n<h3 class=\"wp-block-heading\">O Abuso e a Coa\u00e7\u00e3o<\/h3>\n\n\n\n<p>Segundo o relato da v\u00edtima \u00e0s autoridades, o crime ocorreu em ambiente dom\u00e9stico. O homem teria invadido o banheiro enquanto a enteada se banhava, praticando atos libidinosos contra a vontade dela.<\/p>\n\n\n\n<p>Logo ap\u00f3s a agress\u00e3o, o suspeito iniciou uma s\u00e9rie de amea\u00e7as psicol\u00f3gicas para impedir que o caso chegasse ao conhecimento da pol\u00edcia. No entanto, a jovem buscou ajuda e se dirigiu \u00e0 unidade policial para formalizar a den\u00fancia.<\/p>\n\n\n\n<h3 class=\"wp-block-heading\">Pris\u00e3o Inusitada<\/h3>\n\n\n\n<p>A pris\u00e3o ocorreu devido \u00e0 aud\u00e1cia do agressor, que seguiu a v\u00edtima at\u00e9 a delegacia.<\/p>\n\n\n\n<ul class=\"wp-block-list\">\n<li><strong>A abordagem:<\/strong> Enquanto a adolescente registrava a ocorr\u00eancia, o homem apareceu no local tentando persuadi-la a desistir do procedimento legal.<\/li>\n\n\n\n<li><strong>A\u00e7\u00e3o imediata:<\/strong> Ao presenciarem a tentativa de intimida\u00e7\u00e3o, os agentes da 78\u00aa DP efetuaram a pris\u00e3o em flagrante por estupro e coa\u00e7\u00e3o.<\/li>\n<\/ul>\n\n\n\n<hr class=\"wp-block-separator has-alpha-channel-opacity\"\/>\n\n\n\n<h3 class=\"wp-block-heading\">Protocolo de Atendimento<\/h3>\n\n\n\n<p>A Pol\u00edcia Civil informou que a adolescente passou por todos os protocolos de prote\u00e7\u00e3o:<\/p>\n\n\n\n<ol start=\"1\" class=\"wp-block-list\">\n<li><strong>Escuta Especializada:<\/strong> Depoimento colhido por profissionais capacitados para evitar a revitimiza\u00e7\u00e3o.<\/li>\n\n\n\n<li><strong>Exame M\u00e9dico-Legal:<\/strong> Encaminhamento para per\u00edcia t\u00e9cnica.<\/li>\n\n\n\n<li><strong>Apoio Psicossocial:<\/strong> Suporte imediato para lidar com o trauma.<\/li>\n<\/ol>\n\n\n\n<blockquote class=\"wp-block-quote is-layout-flow wp-block-quote-is-layout-flow\">\n<p>&#8220;A tentativa de interferir no registro da ocorr\u00eancia dentro da pr\u00f3pria delegacia ratificou a periculosidade e a inten\u00e7\u00e3o de silenciamento do acusado&#8221;, informou a equipe de investiga\u00e7\u00e3o.<\/p>\n<\/blockquote>\n\n\n\n<p>O homem j\u00e1 foi transferido para o sistema prisional do Rio de Janeiro, onde aguardar\u00e1 as decis\u00f5es do Poder Judici\u00e1rio.<\/p>\n","protected":false},"excerpt":{"rendered":"<p>Em um desdobramento incomum, a Pol\u00edcia Civil prendeu um homem em flagrante na \u00faltima ter\u00e7a-feira (10), na Zona Norte de<\/p>\n","protected":false},"author":1,"featured_media":75283,"comment_status":"open","ping_status":"open","sticky":false,"template":"","format":"standard","meta":{"colormag_page_container_layout":"default_layout","colormag_page_sidebar_layout":"default_layout","footnotes":""},"categories":[1],"tags":[],"class_list":["post-75282","post","type-post","status-publish","format-standard","has-post-thumbnail","hentry","category-noticias"],"amp_enabled":true,"_links":{"self":[{"href":"https:\/\/maricatotal.com.br\/site\/wp-json\/wp\/v2\/posts\/75282","targetHints":{"allow":["GET"]}}],"collection":[{"href":"https:\/\/maricatotal.com.br\/site\/wp-json\/wp\/v2\/posts"}],"about":[{"href":"https:\/\/maricatotal.com.br\/site\/wp-json\/wp\/v2\/types\/post"}],"author":[{"embeddable":true,"href":"https:\/\/maricatotal.com.br\/site\/wp-json\/wp\/v2\/users\/1"}],"replies":[{"embeddable":true,"href":"https:\/\/maricatotal.com.br\/site\/wp-json\/wp\/v2\/comments?post=75282"}],"version-history":[{"count":1,"href":"https:\/\/maricatotal.com.br\/site\/wp-json\/wp\/v2\/posts\/75282\/revisions"}],"predecessor-version":[{"id":75284,"href":"https:\/\/maricatotal.com.br\/site\/wp-json\/wp\/v2\/posts\/75282\/revisions\/75284"}],"wp:featuredmedia":[{"embeddable":true,"href":"https:\/\/maricatotal.com.br\/site\/wp-json\/wp\/v2\/media\/75283"}],"wp:attachment":[{"href":"https:\/\/maricatotal.com.br\/site\/wp-json\/wp\/v2\/media?parent=75282"}],"wp:term":[{"taxonomy":"category","embeddable":true,"href":"https:\/\/maricatotal.com.br\/site\/wp-json\/wp\/v2\/categories?post=75282"},{"taxonomy":"post_tag","embeddable":true,"href":"https:\/\/maricatotal.com.br\/site\/wp-json\/wp\/v2\/tags?post=75282"}],"curies":[{"name":"wp","href":"https:\/\/api.w.org\/{rel}","templated":true}]}}