{"id":75286,"date":"2026-03-11T14:08:24","date_gmt":"2026-03-11T17:08:24","guid":{"rendered":"https:\/\/maricatotal.com.br\/site\/?p=75286"},"modified":"2026-03-11T14:08:24","modified_gmt":"2026-03-11T17:08:24","slug":"policia-civil-rompe-correntes-e-resgata-caes-em-estado-de-inanicao-em-marica","status":"publish","type":"post","link":"https:\/\/maricatotal.com.br\/site\/2026\/03\/11\/policia-civil-rompe-correntes-e-resgata-caes-em-estado-de-inanicao-em-marica\/","title":{"rendered":"Pol\u00edcia Civil rompe correntes e resgata c\u00e3es em estado de inani\u00e7\u00e3o em Maric\u00e1"},"content":{"rendered":"\n<p>Uma opera\u00e7\u00e3o de emerg\u00eancia conduzida pela <strong>82\u00aa DP (Maric\u00e1)<\/strong> nesta quarta-feira (11) colocou fim ao sofrimento de dois c\u00e3es da ra\u00e7a Bull Terrier que eram mantidos em condi\u00e7\u00f5es degradantes no bairro S\u00e3o Jos\u00e9 do Imbassa\u00ed. A a\u00e7\u00e3o, coordenada pelo Delegado Titular Dr. Cl\u00e1udio Vieira, revelou um cen\u00e1rio de abandono extremo que mobilizou tanto a intelig\u00eancia policial quanto equipes de assist\u00eancia veterin\u00e1ria.<\/p>\n\n\n\n<h3 class=\"wp-block-heading\">O Resgate: Invas\u00e3o Necess\u00e1ria e Socorro M\u00e9dico<\/h3>\n\n\n\n<p>Ap\u00f3s receberem den\u00fancias sobre o estado cr\u00edtico dos animais, os agentes civis se deslocaram at\u00e9 a resid\u00eancia indicada. Diante da aus\u00eancia de moradores e da urg\u00eancia em salvar as vidas em risco, a equipe policial precisou romper as correntes do port\u00e3o para acessar o im\u00f3vel.<\/p>\n\n\n\n<p>No local, os policiais e t\u00e9cnicos da <strong>Secretaria de Bem-Estar Animal<\/strong> encontraram:<\/p>\n\n\n\n<ul class=\"wp-block-list\">\n<li><strong>Desnutri\u00e7\u00e3o severa:<\/strong> Os c\u00e3es apresentavam ossos aparentes e fraqueza extrema.<\/li>\n\n\n\n<li><strong>Ferimentos expostos:<\/strong> Foram identificadas diversas les\u00f5es pelo corpo dos animais.<\/li>\n\n\n\n<li><strong>Priva\u00e7\u00e3o b\u00e1sica:<\/strong> N\u00e3o havia \u00e1gua pot\u00e1vel dispon\u00edvel. Os c\u00e3es sobreviviam apenas gra\u00e7as a vizinhos que, sensibilizados, arremessavam comida por cima do muro.<\/li>\n<\/ul>\n\n\n\n<h3 class=\"wp-block-heading\">Implica\u00e7\u00f5es Legais: Reclus\u00e3o e Fim da Guarda<\/h3>\n\n\n\n<p>Os propriet\u00e1rios do im\u00f3vel j\u00e1 foram identificados pela Pol\u00edcia Civil e responder\u00e3o criminalmente. A autoridade policial enfatiza que, sob a \u00e9gide da <strong>Lei n\u00ba 9.605\/1998<\/strong>, a crueldade contra c\u00e3es e gatos deixou de ser considerada um crime de menor relev\u00e2ncia.<\/p>\n\n\n\n<blockquote class=\"wp-block-quote is-layout-flow wp-block-quote-is-layout-flow\">\n<p>&#8220;O Estado n\u00e3o tolera mais a crueldade. A legisla\u00e7\u00e3o atual prev\u00ea <strong>reclus\u00e3o de 2 a 5 anos<\/strong>, al\u00e9m de multa e a proibi\u00e7\u00e3o definitiva da guarda de animais para quem comete esse tipo de atrocidade&#8221;, alertou o Dr. Cl\u00e1udio Vieira.<\/p>\n<\/blockquote>\n\n\n\n<p>A natureza da pena dificulta a concess\u00e3o de benef\u00edcios penais comuns, permitindo a pris\u00e3o imediata em casos de flagrante ou ap\u00f3s o devido processo investigativo.<\/p>\n\n\n\n<h3 class=\"wp-block-heading\">Como Ajudar: Canais de Den\u00fancia<\/h3>\n\n\n\n<p>A Pol\u00edcia Civil de Maric\u00e1 destaca que a colabora\u00e7\u00e3o da sociedade \u00e9 fundamental para interromper ciclos de viol\u00eancia contra animais. As den\u00fancias podem ser feitas com garantia de sigilo absoluto.<\/p>\n\n\n\n<ul class=\"wp-block-list\">\n<li><strong>Secretaria de Bem-Estar Animal (WhatsApp):<\/strong> (21) 99669-8132<\/li>\n\n\n\n<li><strong>Disque-Den\u00fancia ou 82\u00aa DP:<\/strong> Para casos que exijam interven\u00e7\u00e3o policial imediata.<\/li>\n<\/ul>\n","protected":false},"excerpt":{"rendered":"<p>Uma opera\u00e7\u00e3o de emerg\u00eancia conduzida pela 82\u00aa DP (Maric\u00e1) nesta quarta-feira (11) colocou fim ao sofrimento de dois c\u00e3es da<\/p>\n","protected":false},"author":1,"featured_media":75288,"comment_status":"open","ping_status":"open","sticky":false,"template":"","format":"standard","meta":{"colormag_page_container_layout":"default_layout","colormag_page_sidebar_layout":"default_layout","footnotes":""},"categories":[1],"tags":[],"class_list":["post-75286","post","type-post","status-publish","format-standard","has-post-thumbnail","hentry","category-noticias"],"amp_enabled":true,"_links":{"self":[{"href":"https:\/\/maricatotal.com.br\/site\/wp-json\/wp\/v2\/posts\/75286","targetHints":{"allow":["GET"]}}],"collection":[{"href":"https:\/\/maricatotal.com.br\/site\/wp-json\/wp\/v2\/posts"}],"about":[{"href":"https:\/\/maricatotal.com.br\/site\/wp-json\/wp\/v2\/types\/post"}],"author":[{"embeddable":true,"href":"https:\/\/maricatotal.com.br\/site\/wp-json\/wp\/v2\/users\/1"}],"replies":[{"embeddable":true,"href":"https:\/\/maricatotal.com.br\/site\/wp-json\/wp\/v2\/comments?post=75286"}],"version-history":[{"count":1,"href":"https:\/\/maricatotal.com.br\/site\/wp-json\/wp\/v2\/posts\/75286\/revisions"}],"predecessor-version":[{"id":75289,"href":"https:\/\/maricatotal.com.br\/site\/wp-json\/wp\/v2\/posts\/75286\/revisions\/75289"}],"wp:featuredmedia":[{"embeddable":true,"href":"https:\/\/maricatotal.com.br\/site\/wp-json\/wp\/v2\/media\/75288"}],"wp:attachment":[{"href":"https:\/\/maricatotal.com.br\/site\/wp-json\/wp\/v2\/media?parent=75286"}],"wp:term":[{"taxonomy":"category","embeddable":true,"href":"https:\/\/maricatotal.com.br\/site\/wp-json\/wp\/v2\/categories?post=75286"},{"taxonomy":"post_tag","embeddable":true,"href":"https:\/\/maricatotal.com.br\/site\/wp-json\/wp\/v2\/tags?post=75286"}],"curies":[{"name":"wp","href":"https:\/\/api.w.org\/{rel}","templated":true}]}}