{"id":75297,"date":"2026-03-13T16:44:50","date_gmt":"2026-03-13T19:44:50","guid":{"rendered":"https:\/\/maricatotal.com.br\/site\/?p=75297"},"modified":"2026-03-13T16:44:51","modified_gmt":"2026-03-13T19:44:51","slug":"mulher-sofre-traumatismo-craniano-apos-ataque-homofobico-em-casa-noturna","status":"publish","type":"post","link":"https:\/\/maricatotal.com.br\/site\/2026\/03\/13\/mulher-sofre-traumatismo-craniano-apos-ataque-homofobico-em-casa-noturna\/","title":{"rendered":"Mulher sofre traumatismo craniano ap\u00f3s ataque homof\u00f3bico em casa noturna"},"content":{"rendered":"\n<p>Uma madrugada de lazer no Centro de Maric\u00e1 terminou em trag\u00e9dia na \u00faltima segunda-feira (9). Uma mulher permanece internada em estado grave ap\u00f3s ser brutalmente espancada na Rua \u00c1lvares de Castro. O crime, que come\u00e7ou com importuna\u00e7\u00e3o sexual e escalou para agress\u00f5es f\u00edsicas motivadas por preconceito, est\u00e1 sendo investigado pela <strong>82\u00aa DP (Maric\u00e1)<\/strong> com o acompanhamento de \u00f3rg\u00e3os de direitos humanos.<\/p>\n\n\n\n<h3 class=\"wp-block-heading\">Din\u00e2mica do Crime: Do Ass\u00e9dio \u00e0 Agress\u00e3o<\/h3>\n\n\n\n<p>De acordo com testemunhas, a confus\u00e3o teve in\u00edcio no interior de um estabelecimento quando um homem passou a importunar uma das v\u00edtimas. Ao perceber que a mulher estava acompanhada de sua companheira, o agressor teria passado a proferir ofensas homof\u00f3bicas.<\/p>\n\n\n\n<p>A viol\u00eancia escalou rapidamente:<\/p>\n\n\n\n<ul class=\"wp-block-list\">\n<li><strong>Ataque F\u00edsico:<\/strong> As duas mulheres foram agredidas. Uma delas foi alvo de uma sequ\u00eancia de socos e chutes, sofrendo les\u00f5es severas.<\/li>\n\n\n\n<li><strong>Continuidade da Viol\u00eancia:<\/strong> Relatos indicam que, embora a seguran\u00e7a da casa noturna tenha retirado os envolvidos do local, o espancamento prosseguiu na via p\u00fablica.<\/li>\n<\/ul>\n\n\n\n<h3 class=\"wp-block-heading\">Estado de Sa\u00fade e Socorro<\/h3>\n\n\n\n<p>A v\u00edtima mais atingida foi socorrida e encaminhada ao <strong>Hospital Municipal Dr. Ernesto Che Guevara<\/strong>, em S\u00e3o Jos\u00e9 do Imbassa\u00ed. O boletim m\u00e9dico aponta que ela sofreu <strong>traumatismo craniano<\/strong> e precisou ser submetida a uma cirurgia de emerg\u00eancia. Seu quadro cl\u00ednico ainda \u00e9 considerado grave.<\/p>\n\n\n\n<h3 class=\"wp-block-heading\">Rede de Apoio e Investiga\u00e7\u00e3o<\/h3>\n\n\n\n<p>O caso mobilizou o programa <strong>Rio Sem LGBTIfobia<\/strong>. O Centro de Cidadania LGBTI Metropolitana II foi acionado pela unidade hospitalar e j\u00e1 iniciou o suporte institucional, oferecendo:<\/p>\n\n\n\n<ol start=\"1\" class=\"wp-block-list\">\n<li><strong>Assist\u00eancia Jur\u00eddica:<\/strong> Orienta\u00e7\u00e3o para o registro e andamento do inqu\u00e9rito.<\/li>\n\n\n\n<li><strong>Suporte Psicossocial:<\/strong> Acompanhamento direto \u00e0s v\u00edtimas e aos familiares.<\/li>\n\n\n\n<li><strong>Monitoramento Institucional:<\/strong> Garantia de que o vi\u00e9s de \u00f3dio (LGBTfobia) seja considerado nas investiga\u00e7\u00f5es.<\/li>\n<\/ol>\n\n\n\n<h3 class=\"wp-block-heading\">Identifica\u00e7\u00e3o do Suspeito<\/h3>\n\n\n\n<p>A repercuss\u00e3o do caso tomou grandes propor\u00e7\u00f5es nas redes sociais, onde imagens de um suposto autor circulam entre os moradores. A Pol\u00edcia Civil informou que o homem apontado como principal agressor j\u00e1 foi identificado, mas as dilig\u00eancias continuam para consolidar as provas e esclarecer a participa\u00e7\u00e3o de outros envolvidos.<\/p>\n\n\n\n<hr class=\"wp-block-separator has-alpha-channel-opacity\"\/>\n\n\n\n<blockquote class=\"wp-block-quote is-layout-flow wp-block-quote-is-layout-flow\">\n<p><strong>Denuncie a LGBTfobia:<\/strong> Crimes de \u00f3dio baseados na orienta\u00e7\u00e3o sexual podem e devem ser denunciados. Al\u00e9m do <strong>190<\/strong>, o Estado do Rio disponibiliza o suporte do programa Rio Sem LGBTIfobia para acolhimento e den\u00fancias.<\/p>\n<\/blockquote>\n","protected":false},"excerpt":{"rendered":"<p>Uma madrugada de lazer no Centro de Maric\u00e1 terminou em trag\u00e9dia na \u00faltima segunda-feira (9). Uma mulher permanece internada em<\/p>\n","protected":false},"author":1,"featured_media":55521,"comment_status":"open","ping_status":"open","sticky":false,"template":"","format":"standard","meta":{"colormag_page_container_layout":"default_layout","colormag_page_sidebar_layout":"default_layout","footnotes":""},"categories":[1],"tags":[],"class_list":["post-75297","post","type-post","status-publish","format-standard","has-post-thumbnail","hentry","category-noticias"],"amp_enabled":true,"_links":{"self":[{"href":"https:\/\/maricatotal.com.br\/site\/wp-json\/wp\/v2\/posts\/75297","targetHints":{"allow":["GET"]}}],"collection":[{"href":"https:\/\/maricatotal.com.br\/site\/wp-json\/wp\/v2\/posts"}],"about":[{"href":"https:\/\/maricatotal.com.br\/site\/wp-json\/wp\/v2\/types\/post"}],"author":[{"embeddable":true,"href":"https:\/\/maricatotal.com.br\/site\/wp-json\/wp\/v2\/users\/1"}],"replies":[{"embeddable":true,"href":"https:\/\/maricatotal.com.br\/site\/wp-json\/wp\/v2\/comments?post=75297"}],"version-history":[{"count":1,"href":"https:\/\/maricatotal.com.br\/site\/wp-json\/wp\/v2\/posts\/75297\/revisions"}],"predecessor-version":[{"id":75299,"href":"https:\/\/maricatotal.com.br\/site\/wp-json\/wp\/v2\/posts\/75297\/revisions\/75299"}],"wp:featuredmedia":[{"embeddable":true,"href":"https:\/\/maricatotal.com.br\/site\/wp-json\/wp\/v2\/media\/55521"}],"wp:attachment":[{"href":"https:\/\/maricatotal.com.br\/site\/wp-json\/wp\/v2\/media?parent=75297"}],"wp:term":[{"taxonomy":"category","embeddable":true,"href":"https:\/\/maricatotal.com.br\/site\/wp-json\/wp\/v2\/categories?post=75297"},{"taxonomy":"post_tag","embeddable":true,"href":"https:\/\/maricatotal.com.br\/site\/wp-json\/wp\/v2\/tags?post=75297"}],"curies":[{"name":"wp","href":"https:\/\/api.w.org\/{rel}","templated":true}]}}