{"id":75301,"date":"2026-03-13T16:51:16","date_gmt":"2026-03-13T19:51:16","guid":{"rendered":"https:\/\/maricatotal.com.br\/site\/?p=75301"},"modified":"2026-03-13T16:51:16","modified_gmt":"2026-03-13T19:51:16","slug":"pedreiro-morre-apos-desabamento-de-laje-em-obra-as-margens-da-rj-106","status":"publish","type":"post","link":"https:\/\/maricatotal.com.br\/site\/2026\/03\/13\/pedreiro-morre-apos-desabamento-de-laje-em-obra-as-margens-da-rj-106\/","title":{"rendered":"Pedreiro morre ap\u00f3s desabamento de laje em obra \u00e0s margens da RJ-106"},"content":{"rendered":"\n<p>Um acidente de trabalho fatal chocou os moradores do bairro Ponta Grossa na tarde desta sexta-feira (13). O pedreiro <strong>Adilson Concei\u00e7\u00e3o<\/strong>, de 40 anos, faleceu ap\u00f3s o desabamento de uma estrutura de concreto em uma obra localizada \u00e0s margens da rodovia RJ-106, no sentido Maric\u00e1.<\/p>\n\n\n\n<h3 class=\"wp-block-heading\">O Acidente<\/h3>\n\n\n\n<p>O epis\u00f3dio ocorreu por volta das 14h, enquanto a v\u00edtima realizava o servi\u00e7o de remo\u00e7\u00e3o das escoras de sustenta\u00e7\u00e3o de uma laje. De acordo com informa\u00e7\u00f5es preliminares, a estrutura cedeu inesperadamente no momento em que os suportes eram retirados, atingindo o trabalhador.<\/p>\n\n\n\n<p>Com a queda da laje, Adilson ficou <strong>soterrado sob os escombros<\/strong>.<\/p>\n\n\n\n<h3 class=\"wp-block-heading\">Resgate e Atendimento M\u00e9dico<\/h3>\n\n\n\n<p>Militares do <strong>Corpo de Bombeiros<\/strong> (Destacamento de Maric\u00e1) foram mobilizados rapidamente para o local e conseguiram resgatar a v\u00edtima com vida, embora em estado cr\u00edtico.<\/p>\n\n\n\n<ul class=\"wp-block-list\">\n<li><strong>Socorro:<\/strong> Adilson foi levado \u00e0s pressas para o <strong>Hospital Municipal Dr. Ernesto Che Guevara<\/strong>, em S\u00e3o Jos\u00e9 do Imbassa\u00ed.<\/li>\n\n\n\n<li><strong>Desfecho:<\/strong> Apesar das manobras de emerg\u00eancia e dos esfor\u00e7os da equipe m\u00e9dica da unidade, o trabalhador n\u00e3o resistiu \u00e0 gravidade dos ferimentos e teve o \u00f3bito confirmado poucas horas depois.<\/li>\n<\/ul>\n\n\n\n<h3 class=\"wp-block-heading\">Luto na Regi\u00e3o<\/h3>\n\n\n\n<p>Adilson era uma figura bastante conhecida e querida em Maric\u00e1. A not\u00edcia de sua morte gerou uma onda de consterna\u00e7\u00e3o nas redes sociais, onde amigos e familiares prestaram homenagens, destacando sua dedica\u00e7\u00e3o ao trabalho.<\/p>\n\n\n\n<blockquote class=\"wp-block-quote is-layout-flow wp-block-quote-is-layout-flow\">\n<p>&#8220;Um trabalhador incans\u00e1vel que se foi exercendo sua profiss\u00e3o&#8221;, lamentou um conhecido da fam\u00edlia em uma rede social.<\/p>\n<\/blockquote>\n\n\n\n<p>As circunst\u00e2ncias t\u00e9cnicas que levaram ao colapso da estrutura dever\u00e3o ser apuradas pelas autoridades competentes para verificar as condi\u00e7\u00f5es de seguran\u00e7a da obra.<\/p>\n","protected":false},"excerpt":{"rendered":"<p>Um acidente de trabalho fatal chocou os moradores do bairro Ponta Grossa na tarde desta sexta-feira (13). O pedreiro Adilson<\/p>\n","protected":false},"author":1,"featured_media":27342,"comment_status":"open","ping_status":"open","sticky":false,"template":"","format":"standard","meta":{"colormag_page_container_layout":"default_layout","colormag_page_sidebar_layout":"default_layout","footnotes":""},"categories":[1],"tags":[],"class_list":["post-75301","post","type-post","status-publish","format-standard","has-post-thumbnail","hentry","category-noticias"],"amp_enabled":true,"_links":{"self":[{"href":"https:\/\/maricatotal.com.br\/site\/wp-json\/wp\/v2\/posts\/75301","targetHints":{"allow":["GET"]}}],"collection":[{"href":"https:\/\/maricatotal.com.br\/site\/wp-json\/wp\/v2\/posts"}],"about":[{"href":"https:\/\/maricatotal.com.br\/site\/wp-json\/wp\/v2\/types\/post"}],"author":[{"embeddable":true,"href":"https:\/\/maricatotal.com.br\/site\/wp-json\/wp\/v2\/users\/1"}],"replies":[{"embeddable":true,"href":"https:\/\/maricatotal.com.br\/site\/wp-json\/wp\/v2\/comments?post=75301"}],"version-history":[{"count":1,"href":"https:\/\/maricatotal.com.br\/site\/wp-json\/wp\/v2\/posts\/75301\/revisions"}],"predecessor-version":[{"id":75303,"href":"https:\/\/maricatotal.com.br\/site\/wp-json\/wp\/v2\/posts\/75301\/revisions\/75303"}],"wp:featuredmedia":[{"embeddable":true,"href":"https:\/\/maricatotal.com.br\/site\/wp-json\/wp\/v2\/media\/27342"}],"wp:attachment":[{"href":"https:\/\/maricatotal.com.br\/site\/wp-json\/wp\/v2\/media?parent=75301"}],"wp:term":[{"taxonomy":"category","embeddable":true,"href":"https:\/\/maricatotal.com.br\/site\/wp-json\/wp\/v2\/categories?post=75301"},{"taxonomy":"post_tag","embeddable":true,"href":"https:\/\/maricatotal.com.br\/site\/wp-json\/wp\/v2\/tags?post=75301"}],"curies":[{"name":"wp","href":"https:\/\/api.w.org\/{rel}","templated":true}]}}