{"id":75313,"date":"2026-03-15T13:34:09","date_gmt":"2026-03-15T16:34:09","guid":{"rendered":"https:\/\/maricatotal.com.br\/site\/?p=75313"},"modified":"2026-03-15T13:36:04","modified_gmt":"2026-03-15T16:36:04","slug":"prefeitura-anuncia-reforma-em-cemiterio-de-marica-apos-criticas-de-moradores","status":"publish","type":"post","link":"https:\/\/maricatotal.com.br\/site\/2026\/03\/15\/prefeitura-anuncia-reforma-em-cemiterio-de-marica-apos-criticas-de-moradores\/","title":{"rendered":"Prefeitura anuncia reforma em cemit\u00e9rio de Maric\u00e1 ap\u00f3s cr\u00edticas de moradores"},"content":{"rendered":"\n<p>A &nbsp;<a href=\"chatgpt:\/\/generic-entity?number=0\">Prefeitura de Maric\u00e1<\/a> anunciou, na tarde desta sexta-feira (13), o in\u00edcio de obras de reforma em um cemit\u00e9rio do munic\u00edpio ap\u00f3s cr\u00edticas e reclama\u00e7\u00f5es sobre as condi\u00e7\u00f5es do local.<\/p>\n\n\n\n<p>O comunicado foi divulgado nas redes sociais oficiais da administra\u00e7\u00e3o municipal, que informou que a interven\u00e7\u00e3o ser\u00e1 realizada pela <a href=\"chatgpt:\/\/generic-entity?number=1\">Autarquia de Servi\u00e7os de Obras de Maric\u00e1 (Somar)<\/a>.<\/p>\n\n\n\n<p><strong>Mudan\u00e7as na gest\u00e3o<\/strong><\/p>\n\n\n\n<p>Segundo a prefeitura, o antigo diretor respons\u00e1vel pela gest\u00e3o do espa\u00e7o foi desligado do cargo na semana passada ap\u00f3s avalia\u00e7\u00f5es sobre a situa\u00e7\u00e3o do cemit\u00e9rio, que vinha gerando insatisfa\u00e7\u00e3o entre moradores.<\/p>\n\n\n\n<p>A administra\u00e7\u00e3o municipal afirmou ainda que os problemas estruturais do local deveriam ter sido solucionados h\u00e1 cerca de oito anos, mas que agora as melhorias necess\u00e1rias ser\u00e3o realizadas.<\/p>\n\n\n\n<p><strong>Melhorias na infraestrutura<\/strong><\/p>\n\n\n\n<p>De acordo com o governo municipal, a reforma tem como objetivo melhorar a infraestrutura e garantir mais dignidade \u00e0s fam\u00edlias que visitam o cemit\u00e9rio para homenagear parentes e amigos falecidos.<\/p>\n\n\n\n<p><strong>Novo cemit\u00e9rio parque<\/strong><\/p>\n\n\n\n<p>Al\u00e9m da revitaliza\u00e7\u00e3o do espa\u00e7o atual, a prefeitura tamb\u00e9m anunciou o projeto de cria\u00e7\u00e3o de um cemit\u00e9rio parque em <a href=\"chatgpt:\/\/generic-entity?number=2\">Maric\u00e1<\/a>.<\/p>\n\n\n\n<p>O modelo prev\u00ea \u00e1reas arborizadas e uma estrutura planejada para oferecer um ambiente mais organizado e acolhedor para despedidas e homenagens.<\/p>\n\n\n\n<p>A expectativa da gest\u00e3o municipal \u00e9 que as interven\u00e7\u00f5es melhorem a estrutura e a organiza\u00e7\u00e3o do servi\u00e7o funer\u00e1rio, atendendo a uma demanda antiga da popula\u00e7\u00e3o.<\/p>\n\n\n\n<p><\/p>\n","protected":false},"excerpt":{"rendered":"<p>A &nbsp;Prefeitura de Maric\u00e1 anunciou, na tarde desta sexta-feira (13), o in\u00edcio de obras de reforma em um cemit\u00e9rio do<\/p>\n","protected":false},"author":1,"featured_media":75317,"comment_status":"open","ping_status":"open","sticky":false,"template":"","format":"standard","meta":{"colormag_page_container_layout":"default_layout","colormag_page_sidebar_layout":"default_layout","footnotes":""},"categories":[1],"tags":[],"class_list":["post-75313","post","type-post","status-publish","format-standard","has-post-thumbnail","hentry","category-noticias"],"amp_enabled":true,"_links":{"self":[{"href":"https:\/\/maricatotal.com.br\/site\/wp-json\/wp\/v2\/posts\/75313","targetHints":{"allow":["GET"]}}],"collection":[{"href":"https:\/\/maricatotal.com.br\/site\/wp-json\/wp\/v2\/posts"}],"about":[{"href":"https:\/\/maricatotal.com.br\/site\/wp-json\/wp\/v2\/types\/post"}],"author":[{"embeddable":true,"href":"https:\/\/maricatotal.com.br\/site\/wp-json\/wp\/v2\/users\/1"}],"replies":[{"embeddable":true,"href":"https:\/\/maricatotal.com.br\/site\/wp-json\/wp\/v2\/comments?post=75313"}],"version-history":[{"count":1,"href":"https:\/\/maricatotal.com.br\/site\/wp-json\/wp\/v2\/posts\/75313\/revisions"}],"predecessor-version":[{"id":75315,"href":"https:\/\/maricatotal.com.br\/site\/wp-json\/wp\/v2\/posts\/75313\/revisions\/75315"}],"wp:featuredmedia":[{"embeddable":true,"href":"https:\/\/maricatotal.com.br\/site\/wp-json\/wp\/v2\/media\/75317"}],"wp:attachment":[{"href":"https:\/\/maricatotal.com.br\/site\/wp-json\/wp\/v2\/media?parent=75313"}],"wp:term":[{"taxonomy":"category","embeddable":true,"href":"https:\/\/maricatotal.com.br\/site\/wp-json\/wp\/v2\/categories?post=75313"},{"taxonomy":"post_tag","embeddable":true,"href":"https:\/\/maricatotal.com.br\/site\/wp-json\/wp\/v2\/tags?post=75313"}],"curies":[{"name":"wp","href":"https:\/\/api.w.org\/{rel}","templated":true}]}}