{"id":75318,"date":"2026-03-15T14:51:26","date_gmt":"2026-03-15T17:51:26","guid":{"rendered":"https:\/\/maricatotal.com.br\/site\/?p=75318"},"modified":"2026-03-15T14:51:27","modified_gmt":"2026-03-15T17:51:27","slug":"carreta-da-saude-da-mulher-inicia-atendimentos-no-centro-de-marica-nesta-segunda-feira","status":"publish","type":"post","link":"https:\/\/maricatotal.com.br\/site\/2026\/03\/15\/carreta-da-saude-da-mulher-inicia-atendimentos-no-centro-de-marica-nesta-segunda-feira\/","title":{"rendered":"Carreta da Sa\u00fade da Mulher inicia atendimentos no Centro de Maric\u00e1 nesta segunda-feira"},"content":{"rendered":"\n<p>A <a href=\"chatgpt:\/\/generic-entity?number=0\">Prefeitura de Maric\u00e1<\/a>, por meio da Secretaria de Sa\u00fade, inicia nesta segunda-feira (16\/03) os atendimentos da carreta da sa\u00fade da mulher do programa <a href=\"chatgpt:\/\/generic-entity?number=1\">Agora Tem Especialistas<\/a>, iniciativa do <a href=\"chatgpt:\/\/generic-entity?number=2\">Governo Federal do Brasil<\/a> voltada \u00e0 amplia\u00e7\u00e3o do acesso a exames e consultas especializadas.<\/p>\n\n\n\n<p>A unidade m\u00f3vel ficar\u00e1 instalada na <a href=\"chatgpt:\/\/generic-entity?number=3\">Rua \u00c1lvares de Castro<\/a>, no Centro de <a href=\"chatgpt:\/\/generic-entity?number=4\">Maric\u00e1<\/a>, em frente \u00e0 sede da prefeitura, oferecendo atendimentos \u00e0s pacientes previamente agendadas pela Central de Regula\u00e7\u00e3o do munic\u00edpio.<\/p>\n\n\n\n<p><strong>Atendimento especializado para diagn\u00f3stico precoce<\/strong><\/p>\n\n\n\n<p>A carreta foi estruturada para refor\u00e7ar o diagn\u00f3stico precoce de doen\u00e7as que afetam diretamente a sa\u00fade feminina, principalmente o c\u00e2ncer de mama e o c\u00e2ncer de colo do \u00fatero.<\/p>\n\n\n\n<p>Entre os servi\u00e7os oferecidos est\u00e3o:<\/p>\n\n\n\n<ul class=\"wp-block-list\">\n<li>Consultas ginecol\u00f3gicas especializadas<\/li>\n\n\n\n<li>Mamografias<\/li>\n\n\n\n<li>Ultrassonografias p\u00e9lvicas<\/li>\n\n\n\n<li>Ultrassonografias transvaginais<\/li>\n\n\n\n<li>Realiza\u00e7\u00e3o de bi\u00f3psias<\/li>\n<\/ul>\n\n\n\n<p>A unidade conta com equipamentos m\u00e9dicos, insumos e uma equipe multiprofissional preparada para atender as pacientes que j\u00e1 possuem agendamento.<\/p>\n\n\n\n<p><strong>Amplia\u00e7\u00e3o do acesso \u00e0 sa\u00fade da mulher<\/strong><\/p>\n\n\n\n<p>O secret\u00e1rio de Sa\u00fade, <a href=\"chatgpt:\/\/generic-entity?number=5\">Marcelo Velho<\/a>, destacou a import\u00e2ncia da iniciativa para ampliar o cuidado com a sa\u00fade feminina no munic\u00edpio.<\/p>\n\n\n\n<p>Segundo ele, a chegada da carreta fortalece o atendimento especializado e ajuda a reduzir o tempo de espera por exames importantes para o diagn\u00f3stico precoce.<\/p>\n\n\n\n<p><strong>Servi\u00e7o<\/strong><\/p>\n\n\n\n<p>In\u00edcio dos atendimentos: 16 de mar\u00e7o (segunda-feira)<\/p>\n\n\n\n<p>Hor\u00e1rio: a partir das 10h<\/p>\n\n\n\n<p>Local: Rua \u00c1lvares de Castro, 346 \u2013 Centro (em frente \u00e0 Prefeitura de Maric\u00e1)<\/p>\n\n\n\n<p>Atendimento: exclusivo para pacientes previamente agendadas pela Central de Regula\u00e7\u00e3o.<\/p>\n\n\n\n<p><\/p>\n","protected":false},"excerpt":{"rendered":"<p>A Prefeitura de Maric\u00e1, por meio da Secretaria de Sa\u00fade, inicia nesta segunda-feira (16\/03) os atendimentos da carreta da sa\u00fade<\/p>\n","protected":false},"author":1,"featured_media":75319,"comment_status":"open","ping_status":"open","sticky":false,"template":"","format":"standard","meta":{"colormag_page_container_layout":"default_layout","colormag_page_sidebar_layout":"default_layout","footnotes":""},"categories":[1],"tags":[],"class_list":["post-75318","post","type-post","status-publish","format-standard","has-post-thumbnail","hentry","category-noticias"],"amp_enabled":true,"_links":{"self":[{"href":"https:\/\/maricatotal.com.br\/site\/wp-json\/wp\/v2\/posts\/75318","targetHints":{"allow":["GET"]}}],"collection":[{"href":"https:\/\/maricatotal.com.br\/site\/wp-json\/wp\/v2\/posts"}],"about":[{"href":"https:\/\/maricatotal.com.br\/site\/wp-json\/wp\/v2\/types\/post"}],"author":[{"embeddable":true,"href":"https:\/\/maricatotal.com.br\/site\/wp-json\/wp\/v2\/users\/1"}],"replies":[{"embeddable":true,"href":"https:\/\/maricatotal.com.br\/site\/wp-json\/wp\/v2\/comments?post=75318"}],"version-history":[{"count":1,"href":"https:\/\/maricatotal.com.br\/site\/wp-json\/wp\/v2\/posts\/75318\/revisions"}],"predecessor-version":[{"id":75320,"href":"https:\/\/maricatotal.com.br\/site\/wp-json\/wp\/v2\/posts\/75318\/revisions\/75320"}],"wp:featuredmedia":[{"embeddable":true,"href":"https:\/\/maricatotal.com.br\/site\/wp-json\/wp\/v2\/media\/75319"}],"wp:attachment":[{"href":"https:\/\/maricatotal.com.br\/site\/wp-json\/wp\/v2\/media?parent=75318"}],"wp:term":[{"taxonomy":"category","embeddable":true,"href":"https:\/\/maricatotal.com.br\/site\/wp-json\/wp\/v2\/categories?post=75318"},{"taxonomy":"post_tag","embeddable":true,"href":"https:\/\/maricatotal.com.br\/site\/wp-json\/wp\/v2\/tags?post=75318"}],"curies":[{"name":"wp","href":"https:\/\/api.w.org\/{rel}","templated":true}]}}