{"id":75329,"date":"2026-03-16T15:27:22","date_gmt":"2026-03-16T18:27:22","guid":{"rendered":"https:\/\/maricatotal.com.br\/site\/?p=75329"},"modified":"2026-03-16T15:27:22","modified_gmt":"2026-03-16T18:27:22","slug":"incidente-com-caminhao-causa-retencoes-na-rj-106-na-altura-do-flamengo","status":"publish","type":"post","link":"https:\/\/maricatotal.com.br\/site\/2026\/03\/16\/incidente-com-caminhao-causa-retencoes-na-rj-106-na-altura-do-flamengo\/","title":{"rendered":"Incidente com caminh\u00e3o causa reten\u00e7\u00f5es na RJ-106, na altura do Flamengo"},"content":{"rendered":"\n<p>O tr\u00e2nsito na rodovia RJ-106 enfrentou complica\u00e7\u00f5es na tarde desta segunda-feira (16). Um caminh\u00e3o de carga acabou &#8220;empacado&#8221; na pista ap\u00f3s uma de suas rodas se soltar completamente, nas proximidades do viaduto do Flamengo, um dos pontos de maior fluxo da regi\u00e3o.<\/p>\n\n\n\n<h3 class=\"wp-block-heading\">O Incidente<\/h3>\n\n\n\n<p>O problema mec\u00e2nico ocorreu de forma repentina, for\u00e7ando o motorista a interromper a marcha do ve\u00edculo no meio da via. De acordo com informa\u00e7\u00f5es preliminares:<\/p>\n\n\n\n<ul class=\"wp-block-list\">\n<li><strong>Localiza\u00e7\u00e3o:<\/strong> Trecho pr\u00f3ximo ao acesso ao bairro Flamengo.<\/li>\n\n\n\n<li><strong>Causa:<\/strong> Desprendimento de uma das rodas traseiras do eixo.<\/li>\n\n\n\n<li><strong>Impacto:<\/strong> O ve\u00edculo ficou imobilizado, bloqueando parcialmente a pista e gerando lentid\u00e3o para quem segue no sentido Maric\u00e1.<\/li>\n<\/ul>\n\n\n\n<h3 class=\"wp-block-heading\">Fluxo e Orienta\u00e7\u00e3o<\/h3>\n\n\n\n<p>Equipes de aux\u00edlio vi\u00e1rio foram alertadas para o local para sinalizar o trecho e evitar colis\u00f5es traseiras, uma vez que o caminh\u00e3o ficou parado em uma \u00e1rea de transi\u00e7\u00e3o de velocidade. O tr\u00e1fego fluiu com dificuldades por apenas uma faixa durante o per\u00edodo mais cr\u00edtico da tarde.<\/p>\n\n\n\n<blockquote class=\"wp-block-quote is-layout-flow wp-block-quote-is-layout-flow\">\n<p><strong>Aten\u00e7\u00e3o motorista:<\/strong> Recomenda-se cautela ao trafegar pelo trecho do Flamengo at\u00e9 que o ve\u00edculo seja removido por um reboque pesado, o que pode exigir o fechamento total da via por alguns minutos durante a manobra.<\/p>\n<\/blockquote>\n\n\n\n<p>At\u00e9 o momento, n\u00e3o h\u00e1 registro de feridos ou de outros ve\u00edculos envolvidos no incidente.<\/p>\n","protected":false},"excerpt":{"rendered":"<p>O tr\u00e2nsito na rodovia RJ-106 enfrentou complica\u00e7\u00f5es na tarde desta segunda-feira (16). Um caminh\u00e3o de carga acabou &#8220;empacado&#8221; na pista<\/p>\n","protected":false},"author":1,"featured_media":75330,"comment_status":"open","ping_status":"open","sticky":false,"template":"","format":"standard","meta":{"colormag_page_container_layout":"default_layout","colormag_page_sidebar_layout":"default_layout","footnotes":""},"categories":[1],"tags":[],"class_list":["post-75329","post","type-post","status-publish","format-standard","has-post-thumbnail","hentry","category-noticias"],"amp_enabled":true,"_links":{"self":[{"href":"https:\/\/maricatotal.com.br\/site\/wp-json\/wp\/v2\/posts\/75329","targetHints":{"allow":["GET"]}}],"collection":[{"href":"https:\/\/maricatotal.com.br\/site\/wp-json\/wp\/v2\/posts"}],"about":[{"href":"https:\/\/maricatotal.com.br\/site\/wp-json\/wp\/v2\/types\/post"}],"author":[{"embeddable":true,"href":"https:\/\/maricatotal.com.br\/site\/wp-json\/wp\/v2\/users\/1"}],"replies":[{"embeddable":true,"href":"https:\/\/maricatotal.com.br\/site\/wp-json\/wp\/v2\/comments?post=75329"}],"version-history":[{"count":1,"href":"https:\/\/maricatotal.com.br\/site\/wp-json\/wp\/v2\/posts\/75329\/revisions"}],"predecessor-version":[{"id":75332,"href":"https:\/\/maricatotal.com.br\/site\/wp-json\/wp\/v2\/posts\/75329\/revisions\/75332"}],"wp:featuredmedia":[{"embeddable":true,"href":"https:\/\/maricatotal.com.br\/site\/wp-json\/wp\/v2\/media\/75330"}],"wp:attachment":[{"href":"https:\/\/maricatotal.com.br\/site\/wp-json\/wp\/v2\/media?parent=75329"}],"wp:term":[{"taxonomy":"category","embeddable":true,"href":"https:\/\/maricatotal.com.br\/site\/wp-json\/wp\/v2\/categories?post=75329"},{"taxonomy":"post_tag","embeddable":true,"href":"https:\/\/maricatotal.com.br\/site\/wp-json\/wp\/v2\/tags?post=75329"}],"curies":[{"name":"wp","href":"https:\/\/api.w.org\/{rel}","templated":true}]}}