{"id":7544,"date":"2020-03-12T07:53:56","date_gmt":"2020-03-12T10:53:56","guid":{"rendered":"http:\/\/maricatotal.com.br\/site\/?p=7544"},"modified":"2020-03-30T19:04:28","modified_gmt":"2020-03-30T22:04:28","slug":"rio-tem-primeiros-casos-de-transmissao-local-de-coronavirus","status":"publish","type":"post","link":"https:\/\/maricatotal.com.br\/site\/2020\/03\/12\/rio-tem-primeiros-casos-de-transmissao-local-de-coronavirus\/","title":{"rendered":"RIO TEM PRIMEIROS CASOS DE TRANSMISS\u00c3O LOCAL DE CORONAV\u00cdRUS"},"content":{"rendered":"\n<figure class=\"wp-block-image size-large\"><img loading=\"lazy\" decoding=\"async\" width=\"700\" height=\"470\" src=\"http:\/\/maricatotal.com.br\/site\/wp-content\/uploads\/2020\/03\/F664DC8A-CA8E-4234-8128-57A8C1CCDF33.jpeg\" alt=\"\" class=\"wp-image-7545\" srcset=\"https:\/\/maricatotal.com.br\/site\/wp-content\/uploads\/2020\/03\/F664DC8A-CA8E-4234-8128-57A8C1CCDF33.jpeg 700w, https:\/\/maricatotal.com.br\/site\/wp-content\/uploads\/2020\/03\/F664DC8A-CA8E-4234-8128-57A8C1CCDF33-300x201.jpeg 300w\" sizes=\"auto, (max-width: 700px) 100vw, 700px\" \/><\/figure>\n\n\n\n<p>Rio &#8211; A\u00a0<strong>Secretaria estadual de Sa\u00fade<\/strong>\u00a0informou, no in\u00edcio da manh\u00e3 desta quinta-feira, o primeiro caso de transmiss\u00e3o local do novo\u00a0<strong>coronav\u00edrus (covid-19)<\/strong>. Os pacientes desses casos s\u00e3o homem de 72 anos da capital e sua esposa de 68. Os dois est\u00e3o em isolamento domiciliar, com o quadro de sa\u00fade est\u00e1vel. Com isso, o n\u00famero de casos de infectados no estado passa de 13 a 15.<\/p>\n\n\n\n<p>Por causa da transmiss\u00e3o local da doen\u00e7a, o Rio passa para o\u00a0<strong>n\u00edvel 1<\/strong>\u00a0do\u00a0<strong>plano de conting\u00eancia<\/strong>\u00a0do coronav\u00edrus. O n\u00edvel 1 prev\u00ea a disponibilidade de 206 leitos exclusivos para o tratamento de casos graves de pessoas\u00a0infectados em hospitais, incluindo unidades p\u00fablicas de sa\u00fade.<\/p>\n\n\n\n<p>&#8220;Este s\u00e3os os primeiros casos no estado de pacientes que n\u00e3o estiveram em pa\u00edses com transmiss\u00e3o comunit\u00e1ria. Como j\u00e1 havia alertado, est\u00e1vamos esperando que isso acontecesse em breve. No entanto, ressalto que n\u00e3o h\u00e1 motivo para p\u00e2nico&#8221;, alerta o secret\u00e1rio estadual de Sa\u00fade, Edmar Santos.<\/p>\n\n\n\n<p><strong>Os casos de\u00a0coronav\u00edrus no Rio<\/strong>. <\/p>\n\n\n\n<p>RIO DE JANEIRO: 13 confirmados (48 suspeitos). <\/p>\n\n\n\n<p>NITER\u00d3I: 1 confirmado (13 suspeitos). <br><\/p>\n\n\n\n<p>S\u00c3O GON\u00c7ALO: 1 suspeito.<\/p>\n\n\n\n<p> RIO BONITO: 1 suspeito. <\/p>\n\n\n\n<p>BARRA MANSA: 1 confirmado (4 suspeitos). <\/p>\n\n\n\n<p>BARRA DO PIRA\u00cd: 2 suspeitos. <\/p>\n\n\n\n<p>BELFORD ROXO: 1 suspeito. <\/p>\n\n\n\n<p>MARIC\u00c1: 1 suspeito. <\/p>\n\n\n\n<p>PETR\u00d3POLIS: 2 suspeitos. <\/p>\n\n\n\n<p>TERES\u00d3POLIS: 1 suspeito. <\/p>\n\n\n\n<p>VALEN\u00c7A: 3 suspeitos.<\/p>\n\n\n\n<p> PINHEIRAL: 1 suspeito. <\/p>\n\n\n\n<p>S\u00c3O PEDRO DA ALDEIA: 1 suspeito. <\/p>\n\n\n\n<p>VOLTA REDONDA: 3 suspeitos. <\/p>\n\n\n\n<p>EXTERIOR: 6 suspeitos<\/p>\n\n\n\n<p><strong>Plano de conting\u00eancia<\/strong><\/p>\n\n\n\n<p>No m\u00eas passado, a Secretaria de Sa\u00fade elaborou e definiu um plano de conting\u00eancia para enfrentar uma poss\u00edvel epidemia do coronav\u00edrus no Rio. O plano tem a inten\u00e7\u00e3o de sistematizar a\u00e7\u00f5es e procedimentos de responsabilidade do governo do estado. Os demais n\u00edveis de acionamento (um, dois e tr\u00eas) s\u00e3o organizados de acordo com par\u00e2metros epidemiol\u00f3gicos, como n\u00fameros de casos.<\/p>\n\n\n\n<p>O primeiro objetivo estrat\u00e9gico do plano de conting\u00eancia \u00e9 intensificar medidas de seguran\u00e7a para conter a transmiss\u00e3o de pessoa para pessoa, incluindo as infec\u00e7\u00f5es secund\u00e1rias entre pessoas pr\u00f3ximas e profissionais de sa\u00fade.<\/p>\n\n\n\n<p>Caso algu\u00e9m apresente sintomas e sinais de doen\u00e7as respirat\u00f3rias, ser\u00e1 identificada imediatamente, isolada e atendida da forma como preconizam a Organiza\u00e7\u00e3o Mundial de Sa\u00fade (OMS) e o Minist\u00e9rio da Sa\u00fade.<\/p>\n\n\n\n<p><strong>Os n\u00edveis<\/strong>. N\u00edvel Zero \u2013 Casos importados notificados ou confirmados<\/p>\n\n\n\n<p>. N\u00edvel 1 \u2013 Transmiss\u00e3o local<\/p>\n\n\n\n<p>. N\u00edvel 2 \u2013 Transmiss\u00e3o comunit\u00e1ria, que ativar\u00e1 outros leitos para assist\u00eancia de casos graves<\/p>\n\n\n\n<p>. N\u00edvel 3 \u2013 Quando as a\u00e7\u00f5es e atividades orientadas para serem realizadas no n\u00edvel 2 de ativa\u00e7\u00e3o forem insuficientes como medidas de controle e para a organiza\u00e7\u00e3o da rede de aten\u00e7\u00e3o na resposta. Caso o surto chegue a esse n\u00edvel, al\u00e9m de todas as unidades citadas anteriormente, ser\u00e1 criado pela um hospital de campanha e as For\u00e7as Armadas ser\u00e3o acionadas. Haver\u00e1 ainda a utiliza\u00e7\u00e3o de leitos em unidades especializadas, com a suspens\u00e3o de cirurgias eletivas<\/p>\n\n\n\n<p><strong>Medidas de preven\u00e7\u00e3o<\/strong>. Proteger nariz e boca ao espirrar ou tossir. N\u00e3o compartilhar objetos de uso pessoal, como talheres e copos. Lavar frequentemente as m\u00e3os, especialmente ap\u00f3s espirrar ou tossir. Utilizar \u00e1lcool em gel nas m\u00e3os<\/p>\n","protected":false},"excerpt":{"rendered":"<p>Rio &#8211; A\u00a0Secretaria estadual de Sa\u00fade\u00a0informou, no in\u00edcio da manh\u00e3 desta quinta-feira, o primeiro caso de transmiss\u00e3o local do novo\u00a0coronav\u00edrus<\/p>\n","protected":false},"author":1,"featured_media":0,"comment_status":"open","ping_status":"open","sticky":false,"template":"","format":"standard","meta":{"colormag_page_container_layout":"default_layout","colormag_page_sidebar_layout":"default_layout","footnotes":""},"categories":[18],"tags":[],"class_list":["post-7544","post","type-post","status-publish","format-standard","hentry","category-entretenimento"],"amp_enabled":true,"_links":{"self":[{"href":"https:\/\/maricatotal.com.br\/site\/wp-json\/wp\/v2\/posts\/7544","targetHints":{"allow":["GET"]}}],"collection":[{"href":"https:\/\/maricatotal.com.br\/site\/wp-json\/wp\/v2\/posts"}],"about":[{"href":"https:\/\/maricatotal.com.br\/site\/wp-json\/wp\/v2\/types\/post"}],"author":[{"embeddable":true,"href":"https:\/\/maricatotal.com.br\/site\/wp-json\/wp\/v2\/users\/1"}],"replies":[{"embeddable":true,"href":"https:\/\/maricatotal.com.br\/site\/wp-json\/wp\/v2\/comments?post=7544"}],"version-history":[{"count":0,"href":"https:\/\/maricatotal.com.br\/site\/wp-json\/wp\/v2\/posts\/7544\/revisions"}],"wp:attachment":[{"href":"https:\/\/maricatotal.com.br\/site\/wp-json\/wp\/v2\/media?parent=7544"}],"wp:term":[{"taxonomy":"category","embeddable":true,"href":"https:\/\/maricatotal.com.br\/site\/wp-json\/wp\/v2\/categories?post=7544"},{"taxonomy":"post_tag","embeddable":true,"href":"https:\/\/maricatotal.com.br\/site\/wp-json\/wp\/v2\/tags?post=7544"}],"curies":[{"name":"wp","href":"https:\/\/api.w.org\/{rel}","templated":true}]}}