{"id":7554,"date":"2020-03-12T11:09:59","date_gmt":"2020-03-12T14:09:59","guid":{"rendered":"http:\/\/maricatotal.com.br\/site\/?p=7554"},"modified":"2020-03-30T19:04:27","modified_gmt":"2020-03-30T22:04:27","slug":"rio-tera-epidemia-de-coronavirus-em-quatro-semanas-preve-secretaria-de-saude","status":"publish","type":"post","link":"https:\/\/maricatotal.com.br\/site\/2020\/03\/12\/rio-tera-epidemia-de-coronavirus-em-quatro-semanas-preve-secretaria-de-saude\/","title":{"rendered":"RIO TER\u00c1 EPIDEMIA DE CORONAV\u00cdRUS EM QUATRO SEMANAS, PREV\u00ca SECRETARIA DE SA\u00daDE"},"content":{"rendered":"\n<figure class=\"wp-block-image size-large\"><img loading=\"lazy\" decoding=\"async\" width=\"700\" height=\"470\" src=\"http:\/\/maricatotal.com.br\/site\/wp-content\/uploads\/2020\/03\/6C34DDF9-3DCE-4134-8240-1E65567A6EF6.jpeg\" alt=\"\" class=\"wp-image-7555\" srcset=\"https:\/\/maricatotal.com.br\/site\/wp-content\/uploads\/2020\/03\/6C34DDF9-3DCE-4134-8240-1E65567A6EF6.jpeg 700w, https:\/\/maricatotal.com.br\/site\/wp-content\/uploads\/2020\/03\/6C34DDF9-3DCE-4134-8240-1E65567A6EF6-300x201.jpeg 300w\" sizes=\"auto, (max-width: 700px) 100vw, 700px\" \/><figcaption>Foto: Secret\u00e1rio Estadual de Sa\u00fade, Edmar Santos: &#8216;80% dos casos ser\u00e3o uma gripe comum&#8217;<\/figcaption><\/figure>\n\n\n\n<p>Rio &#8211; A Secretaria Estadual de Sa\u00fade, Edmar Santos, prev\u00ea que a crise mais intensa do coronav\u00edrus no Rio aconte\u00e7a entre 2 e 4 semanas. Em seguida, com a chegada do inverno, a epidemia deve se estender\u00a0at\u00e9 completar cinco meses, quando o cont\u00e1gio deve come\u00e7ar a diminuir. Na quarta-feira, o ministro da Sa\u00fade, Luiz Henrique Mandetta, estimou que o pa\u00eds viver\u00e1 cerca de 20 semanas &#8220;duras&#8221; por causa do surto.<\/p>\n\n\n\n<p>&#8220;As secretarias municipais e estadual v\u00e3o acelerar o processo de prepara\u00e7\u00e3o para a crise, que deve come\u00e7ar provavelmente daqui a 2 ou 4 semanas de uma maneira mais intensa&#8221;, disse o secret\u00e1rio estadual sa\u00fade do Rio\u00a0em entrevista ao programa Bom Dia Rio, da TV Globo.<\/p>\n\n\n\n<p>&#8220;A gente est\u00e1 trabalhando com horizonte de 4 mil a 10 mil casos aqui no Rio de Janeiro. E pra isso a gente tem se preparado, vamos abrir de 300 a 600 leitos novos. A rede privada est\u00e1 organizada com a gente. Vamos fazer um enfrentamento comprometido&#8221;.<\/p>\n\n\n\n<p>A pasta estadual\u00a0<a rel=\"noreferrer noopener\" href=\"https:\/\/odia.ig.com.br\/rio-de-janeiro\/2020\/03\/5881211-rio-tem-primeiro-caso-de-transmissao-local-de-coronavirus.html\" target=\"_blank\">confirmou na manh\u00e3 desta quinta-feira os dois primeiros casos de transmiss\u00e3o local do coronav\u00edrus no Rio de Janeiro<\/a>. At\u00e9 ent\u00e3o, os contaminados no estado haviam se infectado durante viagens \u00e0 Europa.<\/p>\n\n\n\n<p>&#8220;Passamos para o n\u00edvel 1 do Plano de Conting\u00eancia e aceleramos o processo de prepara\u00e7\u00e3o para o pico da epidemia, que prev\u00ea a disponibilidade de 206 leitos exclusivos para tratamento de casos graves de pessoas infectadas em hospitais espalhados pelas diversas regi\u00f5es, incluindo unidades municipais e federais, al\u00e9m da rede estadual&#8221;, explicou o secret\u00e1rio.<\/p>\n\n\n\n<p>\u00a0O secret\u00e1rio alerta que n\u00e3o h\u00e1 motivo para p\u00e2nico. O v\u00edrus n\u00e3o est\u00e1 circulando livremente, mas de uma maneira localizada.\u00a0A primeira\u00a0transmiss\u00e3o no Rio aconteceu em um congresso m\u00e9dico. O homem de 72 anos contraiu o v\u00edrus no evento e contaminou a esposa.\u00a0Os dois est\u00e3o em isolamento domiciliar e apresentam estado de sa\u00fade est\u00e1vel.<\/p>\n\n\n\n<p>A recomenda\u00e7\u00e3o do secret\u00e1rio de Sa\u00fade \u00e9 de que as pessoas mais sens\u00edveis ao v\u00edrus mudem os h\u00e1bitos e evitem locais com aglomera\u00e7\u00f5es de pessoas, como metr\u00f4s, trens, cinemas e est\u00e1dios de futebol. As pessoas mais sens\u00edveis s\u00e3o: idosos acima de 60 anos, pessoas com doen\u00e7as card\u00edacas ou pulmonares. &#8220;Entre 80% e 85% dos casos ser\u00e3o uma gripe comum&#8221;, disse o secret\u00e1rio.<\/p>\n\n\n\n<p>(ODIA)<\/p>\n","protected":false},"excerpt":{"rendered":"<p>Rio &#8211; A Secretaria Estadual de Sa\u00fade, Edmar Santos, prev\u00ea que a crise mais intensa do coronav\u00edrus no Rio aconte\u00e7a<\/p>\n","protected":false},"author":1,"featured_media":0,"comment_status":"open","ping_status":"open","sticky":false,"template":"","format":"standard","meta":{"colormag_page_container_layout":"default_layout","colormag_page_sidebar_layout":"default_layout","footnotes":""},"categories":[18],"tags":[],"class_list":["post-7554","post","type-post","status-publish","format-standard","hentry","category-entretenimento"],"amp_enabled":true,"_links":{"self":[{"href":"https:\/\/maricatotal.com.br\/site\/wp-json\/wp\/v2\/posts\/7554","targetHints":{"allow":["GET"]}}],"collection":[{"href":"https:\/\/maricatotal.com.br\/site\/wp-json\/wp\/v2\/posts"}],"about":[{"href":"https:\/\/maricatotal.com.br\/site\/wp-json\/wp\/v2\/types\/post"}],"author":[{"embeddable":true,"href":"https:\/\/maricatotal.com.br\/site\/wp-json\/wp\/v2\/users\/1"}],"replies":[{"embeddable":true,"href":"https:\/\/maricatotal.com.br\/site\/wp-json\/wp\/v2\/comments?post=7554"}],"version-history":[{"count":0,"href":"https:\/\/maricatotal.com.br\/site\/wp-json\/wp\/v2\/posts\/7554\/revisions"}],"wp:attachment":[{"href":"https:\/\/maricatotal.com.br\/site\/wp-json\/wp\/v2\/media?parent=7554"}],"wp:term":[{"taxonomy":"category","embeddable":true,"href":"https:\/\/maricatotal.com.br\/site\/wp-json\/wp\/v2\/categories?post=7554"},{"taxonomy":"post_tag","embeddable":true,"href":"https:\/\/maricatotal.com.br\/site\/wp-json\/wp\/v2\/tags?post=7554"}],"curies":[{"name":"wp","href":"https:\/\/api.w.org\/{rel}","templated":true}]}}