{"id":75809,"date":"2026-04-26T12:48:52","date_gmt":"2026-04-26T15:48:52","guid":{"rendered":"https:\/\/maricatotal.com.br\/site\/?p=75809"},"modified":"2026-04-26T12:48:53","modified_gmt":"2026-04-26T15:48:53","slug":"atentado-em-jantar-de-gala-nos-eua-agressor-e-preso-apos-tentar-atacar-membros-do-governo-trump","status":"publish","type":"post","link":"https:\/\/maricatotal.com.br\/site\/2026\/04\/26\/atentado-em-jantar-de-gala-nos-eua-agressor-e-preso-apos-tentar-atacar-membros-do-governo-trump\/","title":{"rendered":"Atentado em jantar de gala nos EUA: agressor \u00e9 preso ap\u00f3s tentar atacar membros do governo Trump"},"content":{"rendered":"\n<p><strong>Ataque ocorreu na noite de s\u00e1bado em Washington D.C.; suspeito, armado com fuzil, pistola e facas, foi detido pelo Servi\u00e7o Secreto antes de atingir o sal\u00e3o principal.<\/strong><\/p>\n\n\n\n<p><strong>WASHINGTON D.C.<\/strong> \u2013 Uma noite que deveria ser de celebra\u00e7\u00e3o no tradicional jantar de gala dos jornalistas correspondentes da Casa Branca terminou em p\u00e2nico e uma opera\u00e7\u00e3o de seguran\u00e7a de alto risco na noite deste s\u00e1bado (25). O presidente Donald Trump e diversas autoridades de alto escal\u00e3o tiveram de ser retirados \u00e0s pressas do local ap\u00f3s um ataque a tiros perpetrado por um homem de 31 anos.<\/p>\n\n\n\n<h3 class=\"wp-block-heading\">O Incidente<\/h3>\n\n\n\n<p>O suspeito, identificado como <strong>Cole Allen<\/strong>, residente em Torrence, na Calif\u00f3rnia, conseguiu acessar o andar do evento, realizado em um hotel na capital norte-americana, utilizando um elevador. Armado com uma espingarda, uma pistola e diversas facas, Allen tentou romper o bloqueio de seguran\u00e7a em dire\u00e7\u00e3o ao sal\u00e3o onde ocorria o jantar.<\/p>\n\n\n\n<p>Imagens de c\u00e2meras de seguran\u00e7a divulgadas pelo pr\u00f3prio presidente mostram o momento em que o agressor corre em dire\u00e7\u00e3o ao per\u00edmetro de prote\u00e7\u00e3o, sendo interceptado e derrubado por agentes do Servi\u00e7o Secreto ainda na \u00e1rea externa do sal\u00e3o. Durante a a\u00e7\u00e3o, houve troca de tiros e Allen conseguiu efetuar ao menos um disparo. Um agente do Servi\u00e7o Secreto foi atingido no colete \u00e0 prova de balas, mas passa bem.<\/p>\n\n\n\n<h3 class=\"wp-block-heading\">Investiga\u00e7\u00f5es e motiva\u00e7\u00e3o<\/h3>\n\n\n\n<p>Em declara\u00e7\u00e3o p\u00fablica, o presidente Trump classificou o epis\u00f3dio como um &#8220;momento traum\u00e1tico&#8221; e enalteceu a prontid\u00e3o dos agentes. O FBI j\u00e1 iniciou dilig\u00eancias na resid\u00eancia do suspeito na Calif\u00f3rnia. Embora a pol\u00edcia de Washington acredite, at\u00e9 o momento, que Allen tenha agido como um &#8220;lobo solit\u00e1rio&#8221;, as motiva\u00e7\u00f5es para o atentado permanecem sob investiga\u00e7\u00e3o. Segundo informa\u00e7\u00f5es da <em>CBS News<\/em>, o detido teria admitido ap\u00f3s a pris\u00e3o que seu objetivo era atingir integrantes do governo Trump.<\/p>\n\n\n\n<h3 class=\"wp-block-heading\">Acusa\u00e7\u00f5es Federais<\/h3>\n\n\n\n<p>A procuradora Jeanine Pirro confirmou que Cole Allen ser\u00e1 formalmente acusado nesta segunda-feira (27) em um tribunal federal. O suspeito responder\u00e1 por dois crimes graves:<\/p>\n\n\n\n<ul class=\"wp-block-list\">\n<li><strong>Uso de arma de fogo durante a pr\u00e1tica de um crime violento;<\/strong><\/li>\n\n\n\n<li><strong>Agress\u00e3o a um agente federal com o uso de arma perigosa.<\/strong><\/li>\n<\/ul>\n\n\n\n<p>O caso levanta questionamentos sobre as falhas na seguran\u00e7a do evento, que permitiram que o agressor, que estava hospedado no hotel, acessasse as depend\u00eancias pr\u00f3ximas ao local de alta visibilidade sem ser detido previamente.<\/p>\n","protected":false},"excerpt":{"rendered":"<p>Ataque ocorreu na noite de s\u00e1bado em Washington D.C.; suspeito, armado com fuzil, pistola e facas, foi detido pelo Servi\u00e7o<\/p>\n","protected":false},"author":1,"featured_media":75811,"comment_status":"open","ping_status":"open","sticky":false,"template":"","format":"standard","meta":{"colormag_page_container_layout":"default_layout","colormag_page_sidebar_layout":"default_layout","footnotes":""},"categories":[1],"tags":[],"class_list":["post-75809","post","type-post","status-publish","format-standard","has-post-thumbnail","hentry","category-noticias"],"amp_enabled":true,"_links":{"self":[{"href":"https:\/\/maricatotal.com.br\/site\/wp-json\/wp\/v2\/posts\/75809","targetHints":{"allow":["GET"]}}],"collection":[{"href":"https:\/\/maricatotal.com.br\/site\/wp-json\/wp\/v2\/posts"}],"about":[{"href":"https:\/\/maricatotal.com.br\/site\/wp-json\/wp\/v2\/types\/post"}],"author":[{"embeddable":true,"href":"https:\/\/maricatotal.com.br\/site\/wp-json\/wp\/v2\/users\/1"}],"replies":[{"embeddable":true,"href":"https:\/\/maricatotal.com.br\/site\/wp-json\/wp\/v2\/comments?post=75809"}],"version-history":[{"count":1,"href":"https:\/\/maricatotal.com.br\/site\/wp-json\/wp\/v2\/posts\/75809\/revisions"}],"predecessor-version":[{"id":75812,"href":"https:\/\/maricatotal.com.br\/site\/wp-json\/wp\/v2\/posts\/75809\/revisions\/75812"}],"wp:featuredmedia":[{"embeddable":true,"href":"https:\/\/maricatotal.com.br\/site\/wp-json\/wp\/v2\/media\/75811"}],"wp:attachment":[{"href":"https:\/\/maricatotal.com.br\/site\/wp-json\/wp\/v2\/media?parent=75809"}],"wp:term":[{"taxonomy":"category","embeddable":true,"href":"https:\/\/maricatotal.com.br\/site\/wp-json\/wp\/v2\/categories?post=75809"},{"taxonomy":"post_tag","embeddable":true,"href":"https:\/\/maricatotal.com.br\/site\/wp-json\/wp\/v2\/tags?post=75809"}],"curies":[{"name":"wp","href":"https:\/\/api.w.org\/{rel}","templated":true}]}}