{"id":75822,"date":"2026-04-27T22:11:38","date_gmt":"2026-04-28T01:11:38","guid":{"rendered":"https:\/\/maricatotal.com.br\/site\/?p=75822"},"modified":"2026-04-27T22:11:39","modified_gmt":"2026-04-28T01:11:39","slug":"policia-civil-prende-foragido-do-complexo-da-mare-escondido-em-marica","status":"publish","type":"post","link":"https:\/\/maricatotal.com.br\/site\/2026\/04\/27\/policia-civil-prende-foragido-do-complexo-da-mare-escondido-em-marica\/","title":{"rendered":"Pol\u00edcia Civil prende foragido do Complexo da Mar\u00e9 escondido em Maric\u00e1"},"content":{"rendered":"\n<p>Um homem foragido da Justi\u00e7a foi preso na tarde desta segunda-feira em Maric\u00e1, durante uma a\u00e7\u00e3o conjunta de equipes da Pol\u00edcia Civil das delegacias do munic\u00edpio e de Nova Igua\u00e7u.<\/p>\n\n\n\n<p>A pris\u00e3o ocorreu na comunidade do Risca-Faca, em Ino\u00e3, ap\u00f3s trabalho de intelig\u00eancia que identificou a presen\u00e7a do suspeito na regi\u00e3o. Segundo os agentes, ele estava escondido no local h\u00e1 alguns meses.<\/p>\n\n\n\n<p>De acordo com a pol\u00edcia, o homem, conhecido como \u201cMadrugad\u00e3o\u201d, \u00e9 oriundo da comunidade Vila dos Pinheiros, no Complexo da Mar\u00e9, no Rio de Janeiro. Contra ele havia mandado de pris\u00e3o por tr\u00e1fico de drogas e associa\u00e7\u00e3o para o tr\u00e1fico.<\/p>\n\n\n\n<p>Ainda segundo a investiga\u00e7\u00e3o, o suspeito foi condenado a mais de 13 anos de pris\u00e3o em regime fechado por envolvimento com o tr\u00e1fico, quando atuava na comunidade Nova Holanda, tamb\u00e9m no Complexo da Mar\u00e9.<\/p>\n\n\n\n<p>No momento da abordagem, ele n\u00e3o ofereceu resist\u00eancia e foi preso no local.<\/p>\n\n\n\n<p>A Pol\u00edcia Civil informou que o homem possui diversas anota\u00e7\u00f5es criminais, incluindo roubo, porte ilegal de arma de fogo, recepta\u00e7\u00e3o, furto e tr\u00e1fico de drogas.<\/p>\n\n\n\n<p>Ap\u00f3s os procedimentos na delegacia, o preso ser\u00e1 encaminhado ao sistema penitenci\u00e1rio, onde ficar\u00e1 \u00e0 disposi\u00e7\u00e3o da Justi\u00e7a.<\/p>\n","protected":false},"excerpt":{"rendered":"<p>Um homem foragido da Justi\u00e7a foi preso na tarde desta segunda-feira em Maric\u00e1, durante uma a\u00e7\u00e3o conjunta de equipes da<\/p>\n","protected":false},"author":1,"featured_media":75824,"comment_status":"open","ping_status":"open","sticky":false,"template":"","format":"standard","meta":{"colormag_page_container_layout":"default_layout","colormag_page_sidebar_layout":"default_layout","footnotes":""},"categories":[1],"tags":[],"class_list":["post-75822","post","type-post","status-publish","format-standard","has-post-thumbnail","hentry","category-noticias"],"amp_enabled":true,"_links":{"self":[{"href":"https:\/\/maricatotal.com.br\/site\/wp-json\/wp\/v2\/posts\/75822","targetHints":{"allow":["GET"]}}],"collection":[{"href":"https:\/\/maricatotal.com.br\/site\/wp-json\/wp\/v2\/posts"}],"about":[{"href":"https:\/\/maricatotal.com.br\/site\/wp-json\/wp\/v2\/types\/post"}],"author":[{"embeddable":true,"href":"https:\/\/maricatotal.com.br\/site\/wp-json\/wp\/v2\/users\/1"}],"replies":[{"embeddable":true,"href":"https:\/\/maricatotal.com.br\/site\/wp-json\/wp\/v2\/comments?post=75822"}],"version-history":[{"count":1,"href":"https:\/\/maricatotal.com.br\/site\/wp-json\/wp\/v2\/posts\/75822\/revisions"}],"predecessor-version":[{"id":75825,"href":"https:\/\/maricatotal.com.br\/site\/wp-json\/wp\/v2\/posts\/75822\/revisions\/75825"}],"wp:featuredmedia":[{"embeddable":true,"href":"https:\/\/maricatotal.com.br\/site\/wp-json\/wp\/v2\/media\/75824"}],"wp:attachment":[{"href":"https:\/\/maricatotal.com.br\/site\/wp-json\/wp\/v2\/media?parent=75822"}],"wp:term":[{"taxonomy":"category","embeddable":true,"href":"https:\/\/maricatotal.com.br\/site\/wp-json\/wp\/v2\/categories?post=75822"},{"taxonomy":"post_tag","embeddable":true,"href":"https:\/\/maricatotal.com.br\/site\/wp-json\/wp\/v2\/tags?post=75822"}],"curies":[{"name":"wp","href":"https:\/\/api.w.org\/{rel}","templated":true}]}}