{"id":75833,"date":"2026-04-28T18:47:49","date_gmt":"2026-04-28T21:47:49","guid":{"rendered":"https:\/\/maricatotal.com.br\/site\/?p=75833"},"modified":"2026-04-28T18:47:50","modified_gmt":"2026-04-28T21:47:50","slug":"homem-e-preso-apos-ser-flagrado-armado-dentro-de-onibus-em-marica","status":"publish","type":"post","link":"https:\/\/maricatotal.com.br\/site\/2026\/04\/28\/homem-e-preso-apos-ser-flagrado-armado-dentro-de-onibus-em-marica\/","title":{"rendered":"Homem \u00e9 preso ap\u00f3s ser flagrado armado dentro de \u00f4nibus em Maric\u00e1"},"content":{"rendered":"\n<p>Um homem foi preso na tarde desta ter\u00e7a-feira (28) ap\u00f3s ser flagrado com uma arma de fogo dentro de um \u00f4nibus do sistema municipal de transporte, conhecido como \u201cVermelhinho\u201d.<\/p>\n\n\n\n<p>De acordo com a Pol\u00edcia Militar, uma den\u00fancia informou que havia um passageiro armado em um coletivo que seguia em dire\u00e7\u00e3o ao bairro de Bambu\u00ed. Diante da informa\u00e7\u00e3o, o comando da 6\u00aa Companhia determinou o envio de equipes para realizar a abordagem.<\/p>\n\n\n\n<p>Policiais dos setores Lima e PATAMO localizaram o \u00f4nibus durante o trajeto e realizaram a intercepta\u00e7\u00e3o. O suspeito foi identificado e abordado ainda no interior do ve\u00edculo.<\/p>\n\n\n\n<p>Durante a revista, os agentes encontraram com o homem um rev\u00f3lver calibre .38. Questionado, ele afirmou que portava a arma para prote\u00e7\u00e3o. No entanto, como n\u00e3o possu\u00eda autoriza\u00e7\u00e3o legal, recebeu voz de pris\u00e3o em flagrante.<\/p>\n\n\n\n<p>O suspeito foi encaminhado para a 82\u00aa DP (Maric\u00e1), onde o caso foi registrado e segue sob investiga\u00e7\u00e3o.<\/p>\n\n\n\n<p><\/p>\n","protected":false},"excerpt":{"rendered":"<p>Um homem foi preso na tarde desta ter\u00e7a-feira (28) ap\u00f3s ser flagrado com uma arma de fogo dentro de um<\/p>\n","protected":false},"author":1,"featured_media":75835,"comment_status":"open","ping_status":"open","sticky":false,"template":"","format":"standard","meta":{"colormag_page_container_layout":"default_layout","colormag_page_sidebar_layout":"default_layout","footnotes":""},"categories":[1],"tags":[],"class_list":["post-75833","post","type-post","status-publish","format-standard","has-post-thumbnail","hentry","category-noticias"],"amp_enabled":true,"_links":{"self":[{"href":"https:\/\/maricatotal.com.br\/site\/wp-json\/wp\/v2\/posts\/75833","targetHints":{"allow":["GET"]}}],"collection":[{"href":"https:\/\/maricatotal.com.br\/site\/wp-json\/wp\/v2\/posts"}],"about":[{"href":"https:\/\/maricatotal.com.br\/site\/wp-json\/wp\/v2\/types\/post"}],"author":[{"embeddable":true,"href":"https:\/\/maricatotal.com.br\/site\/wp-json\/wp\/v2\/users\/1"}],"replies":[{"embeddable":true,"href":"https:\/\/maricatotal.com.br\/site\/wp-json\/wp\/v2\/comments?post=75833"}],"version-history":[{"count":1,"href":"https:\/\/maricatotal.com.br\/site\/wp-json\/wp\/v2\/posts\/75833\/revisions"}],"predecessor-version":[{"id":75836,"href":"https:\/\/maricatotal.com.br\/site\/wp-json\/wp\/v2\/posts\/75833\/revisions\/75836"}],"wp:featuredmedia":[{"embeddable":true,"href":"https:\/\/maricatotal.com.br\/site\/wp-json\/wp\/v2\/media\/75835"}],"wp:attachment":[{"href":"https:\/\/maricatotal.com.br\/site\/wp-json\/wp\/v2\/media?parent=75833"}],"wp:term":[{"taxonomy":"category","embeddable":true,"href":"https:\/\/maricatotal.com.br\/site\/wp-json\/wp\/v2\/categories?post=75833"},{"taxonomy":"post_tag","embeddable":true,"href":"https:\/\/maricatotal.com.br\/site\/wp-json\/wp\/v2\/tags?post=75833"}],"curies":[{"name":"wp","href":"https:\/\/api.w.org\/{rel}","templated":true}]}}