{"id":7705,"date":"2020-03-17T09:17:32","date_gmt":"2020-03-17T12:17:32","guid":{"rendered":"http:\/\/maricatotal.com.br\/site\/?p=7705"},"modified":"2020-03-30T19:04:16","modified_gmt":"2020-03-30T22:04:16","slug":"denuncia-alcool-em-gel-e-vendido-a-r-9000-reais-em-loja-de-marica","status":"publish","type":"post","link":"https:\/\/maricatotal.com.br\/site\/2020\/03\/17\/denuncia-alcool-em-gel-e-vendido-a-r-9000-reais-em-loja-de-marica\/","title":{"rendered":"DEN\u00daNCIA: \u00c1LCOOL EM GEL \u00c9 VENDIDO \u00c0 R$ 90,00 REAIS EM LOJA DE MARIC\u00c1"},"content":{"rendered":"\n<figure class=\"wp-block-image size-large\"><img loading=\"lazy\" decoding=\"async\" width=\"554\" height=\"554\" src=\"http:\/\/maricatotal.com.br\/site\/wp-content\/uploads\/2020\/03\/C9E3CD67-E32A-4DA1-A63F-5A6F7D0B918E.jpeg\" alt=\"\" class=\"wp-image-7706\" srcset=\"https:\/\/maricatotal.com.br\/site\/wp-content\/uploads\/2020\/03\/C9E3CD67-E32A-4DA1-A63F-5A6F7D0B918E.jpeg 554w, https:\/\/maricatotal.com.br\/site\/wp-content\/uploads\/2020\/03\/C9E3CD67-E32A-4DA1-A63F-5A6F7D0B918E-300x300.jpeg 300w, https:\/\/maricatotal.com.br\/site\/wp-content\/uploads\/2020\/03\/C9E3CD67-E32A-4DA1-A63F-5A6F7D0B918E-150x150.jpeg 150w, https:\/\/maricatotal.com.br\/site\/wp-content\/uploads\/2020\/03\/C9E3CD67-E32A-4DA1-A63F-5A6F7D0B918E-400x400.jpeg 400w, https:\/\/maricatotal.com.br\/site\/wp-content\/uploads\/2020\/03\/C9E3CD67-E32A-4DA1-A63F-5A6F7D0B918E-500x500.jpeg 500w\" sizes=\"auto, (max-width: 554px) 100vw, 554px\" \/><figcaption>Foto: Ilustrativa.<\/figcaption><\/figure>\n\n\n\n<p>Com a Pandemia do novo Coronav\u00edrus, o pre\u00e7o do \u00e1lcool em gel subiu em todos os estabelecimentos do Rio de Janeiro.<\/p>\n\n\n\n<p>Na Lojas Americanas, o pre\u00e7o chegou a R$ 90,00 reais, segundo uma moradora. Indignada, a mulher reclamou nas redes sociais.<\/p>\n\n\n\n<p>\u201cPodem passar telefone pra den\u00fancia do valor abusivo da venda do \u00e1lcool em gel??? Porque na loja americana tava R$ 90,00 reais, na farm\u00e1cia R$ 30,00 reais, e n\u00e3o \u00e9 nem o grande. Gente vamos denunciar porque t\u00e1 dif\u00edcil isso.\u201d<\/p>\n\n\n\n<p>O Procon Maric\u00e1 j\u00e1 est\u00e1 ciente dos pre\u00e7os abusivos e j\u00e1 est\u00e1 trabalhando para fiscalizar os estabelecimentos denunciados. <\/p>\n\n\n\n<p>O \u00f3rg\u00e3o postou uma nota nas redes sociais.<\/p>\n\n\n\n<p>\u201cEquipe de fiscaliza\u00e7\u00e3o do Procon\/Maric\u00e1 v\u00e3o comparar os valores praticados no \u00faltimos 3 meses por meio de confer\u00eancia de nota fiscais para verificar os aumentos dos pre\u00e7os praticados nestes \u00faltimos meses em rela\u00e7\u00e3o ao \u00e1lcool em gel,luvas e m\u00e1scaras. Com a expans\u00e3o da Covid-19 \u2013 doen\u00e7a causada pelo novo coronav\u00edrus \u2013, as medidas de prote\u00e7\u00e3o e cuidados pessoais t\u00eam elevado a procura por esses itens e de acordo com den\u00fancias, os pre\u00e7os encontram-se elevados. A a\u00e7\u00e3o tem a finalidade de averiguar se os produtos ofertados est\u00e3o sofrendo aumento de pre\u00e7o sem justa causa, pr\u00e1tica considerada abusiva pelo C\u00f3digo de Defesa do Consumidor, segundo a Coordenadora Dra. Ang\u00e9lica Sp\u00edndola, que alega que a pandemia do coronav\u00edrus n\u00e3o \u00e9 um motivo pertinente para a eleva\u00e7\u00e3o dos produtos. Afinal C\u00f3digo de Defesa do Consumidor considera a eleva\u00e7\u00e3o de pre\u00e7os sem uma justificativa plaus\u00edvel uma pr\u00e1tica abusiva. A fiscaliza\u00e7\u00e3o levar\u00e1 em conta as den\u00fancias j\u00e1 realizadas pelos consumidores do Munic\u00edpio, al\u00e9m de verificar diretamente os estabelecimentos, analisando estoques, documentos, notas fiscais de compra e venda e o per\u00edodo em que os itens foram adquiridos. Caso seja constatada a abusividade, a empresa sofrer\u00e1 as san\u00e7\u00f5es cab\u00edveis.\u201d<\/p>\n\n\n\n<p>O consumidor que se sentir lesado pode acionar os canais digitais atrav\u00e9s  do mensage da pagina do PROCON, bem como pelo Whatsapp  (21) 96831 &#8211; 0475 no intuito de informar e apresentar provas como fotos, notas fiscais que comprovam as irregularidades desses estabelecimentos.<\/p>\n","protected":false},"excerpt":{"rendered":"<p>Com a Pandemia do novo Coronav\u00edrus, o pre\u00e7o do \u00e1lcool em gel subiu em todos os estabelecimentos do Rio de<\/p>\n","protected":false},"author":1,"featured_media":0,"comment_status":"open","ping_status":"open","sticky":false,"template":"","format":"standard","meta":{"colormag_page_container_layout":"default_layout","colormag_page_sidebar_layout":"default_layout","footnotes":""},"categories":[1],"tags":[],"class_list":["post-7705","post","type-post","status-publish","format-standard","hentry","category-noticias"],"amp_enabled":true,"_links":{"self":[{"href":"https:\/\/maricatotal.com.br\/site\/wp-json\/wp\/v2\/posts\/7705","targetHints":{"allow":["GET"]}}],"collection":[{"href":"https:\/\/maricatotal.com.br\/site\/wp-json\/wp\/v2\/posts"}],"about":[{"href":"https:\/\/maricatotal.com.br\/site\/wp-json\/wp\/v2\/types\/post"}],"author":[{"embeddable":true,"href":"https:\/\/maricatotal.com.br\/site\/wp-json\/wp\/v2\/users\/1"}],"replies":[{"embeddable":true,"href":"https:\/\/maricatotal.com.br\/site\/wp-json\/wp\/v2\/comments?post=7705"}],"version-history":[{"count":0,"href":"https:\/\/maricatotal.com.br\/site\/wp-json\/wp\/v2\/posts\/7705\/revisions"}],"wp:attachment":[{"href":"https:\/\/maricatotal.com.br\/site\/wp-json\/wp\/v2\/media?parent=7705"}],"wp:term":[{"taxonomy":"category","embeddable":true,"href":"https:\/\/maricatotal.com.br\/site\/wp-json\/wp\/v2\/categories?post=7705"},{"taxonomy":"post_tag","embeddable":true,"href":"https:\/\/maricatotal.com.br\/site\/wp-json\/wp\/v2\/tags?post=7705"}],"curies":[{"name":"wp","href":"https:\/\/api.w.org\/{rel}","templated":true}]}}