{"id":7735,"date":"2020-03-17T16:56:00","date_gmt":"2020-03-17T19:56:00","guid":{"rendered":"http:\/\/maricatotal.com.br\/site\/?p=7735"},"modified":"2020-03-30T19:04:15","modified_gmt":"2020-03-30T22:04:15","slug":"coronavirus-primeira-morte-do-rio-de-janeiro-e-confirmada","status":"publish","type":"post","link":"https:\/\/maricatotal.com.br\/site\/2020\/03\/17\/coronavirus-primeira-morte-do-rio-de-janeiro-e-confirmada\/","title":{"rendered":"CORONAV\u00cdRUS: PRIMEIRA MORTE DO RIO DE JANEIRO \u00c9 CONFIRMADA"},"content":{"rendered":"\n<figure class=\"wp-block-image size-large\"><img loading=\"lazy\" decoding=\"async\" width=\"709\" height=\"433\" src=\"http:\/\/maricatotal.com.br\/site\/wp-content\/uploads\/2020\/03\/52FF018A-032D-4B43-A4ED-0A78EAA1CB9E.jpeg\" alt=\"\" class=\"wp-image-7736\" srcset=\"https:\/\/maricatotal.com.br\/site\/wp-content\/uploads\/2020\/03\/52FF018A-032D-4B43-A4ED-0A78EAA1CB9E.jpeg 709w, https:\/\/maricatotal.com.br\/site\/wp-content\/uploads\/2020\/03\/52FF018A-032D-4B43-A4ED-0A78EAA1CB9E-300x183.jpeg 300w\" sizes=\"auto, (max-width: 709px) 100vw, 709px\" \/><\/figure>\n\n\n\n<p>Acaba de ser confirmada a primeira morte por Coronav\u00edrus no estado do Rio de Janeiro, na cidade de Miguel Pereira, na tarde desta ter\u00e7a-feira (17). \u00c9 a segunda morte do Covid-19 no Brasil.<\/p>\n\n\n\n<p>Segundo informa\u00e7\u00f5es levantadas pelo Site Maric\u00e1 Total, a v\u00edtima do Covid-19 foi uma mulher de 63 anos.<\/p>\n\n\n\n<p>A Prefeitura de Miguel Pereira postou uma nota nas redes sociais afirmando a morte da paciente decorrente Coronav\u00edrus.<\/p>\n\n\n\n<p>\u201cMantendo a transpar\u00eancia e as informa\u00e7\u00f5es para todos os cidad\u00e3os, a Prefeitura de Miguel Pereira informa que na data de hoje, infelizmente um paciente, do sexo feminino, com 63 anos, veio a \u00f3bito pelos sintomas do coronav\u00edrus. A paciente, que trabalhava na capital do Rio de Janeiro, esteve em contato direto com sua empregadora, que chegou da It\u00e1lia e testou positivo ao COVID-19. A mesma deu entrada no Hospital Municipal Luiz Gonzaga j\u00e1 em quadro grave, vindo diretamente de seu ambiente de trabalho para a unidade de sa\u00fade. O laudo das autoridades sobre o caso sair\u00e1 em 24 horas, onde constar\u00e1 maiores informa\u00e7\u00f5es sobre a causa da morte. Lamentamos e nos solidarizamos com a fam\u00edlia e informamos que a Prefeitura Municipal e o Hospital Municipal Luiz Gonzaga est\u00e3o tomando todas as medidas para o enfrentamento do novo coronav\u00edrus. \u00c9 de extrema import\u00e2ncia que neste momento, a popula\u00e7\u00e3o siga todos os crit\u00e9rios definidos pela Secretaria Municipal de Sa\u00fade e que fique atento a qualquer sintoma. Para maiores esclarecimentos, o cidad\u00e3o pode entrar em contato com o Plant\u00e3o de Enfrentamento da COVID-19 no telefone (24)2484-4223.\u201d<\/p>\n\n\n\n<p>A Secretaria de Sa\u00fade n\u00e3o confirma o caso e aguarda o exame que sair\u00e1 em 24h. A mulher n\u00e3o fazia parte do quadro de infectados. <\/p>\n","protected":false},"excerpt":{"rendered":"<p>Acaba de ser confirmada a primeira morte por Coronav\u00edrus no estado do Rio de Janeiro, na cidade de Miguel Pereira,<\/p>\n","protected":false},"author":1,"featured_media":0,"comment_status":"open","ping_status":"open","sticky":false,"template":"","format":"standard","meta":{"colormag_page_container_layout":"default_layout","colormag_page_sidebar_layout":"default_layout","footnotes":""},"categories":[14],"tags":[],"class_list":["post-7735","post","type-post","status-publish","format-standard","hentry","category-bairros"],"amp_enabled":true,"_links":{"self":[{"href":"https:\/\/maricatotal.com.br\/site\/wp-json\/wp\/v2\/posts\/7735","targetHints":{"allow":["GET"]}}],"collection":[{"href":"https:\/\/maricatotal.com.br\/site\/wp-json\/wp\/v2\/posts"}],"about":[{"href":"https:\/\/maricatotal.com.br\/site\/wp-json\/wp\/v2\/types\/post"}],"author":[{"embeddable":true,"href":"https:\/\/maricatotal.com.br\/site\/wp-json\/wp\/v2\/users\/1"}],"replies":[{"embeddable":true,"href":"https:\/\/maricatotal.com.br\/site\/wp-json\/wp\/v2\/comments?post=7735"}],"version-history":[{"count":0,"href":"https:\/\/maricatotal.com.br\/site\/wp-json\/wp\/v2\/posts\/7735\/revisions"}],"wp:attachment":[{"href":"https:\/\/maricatotal.com.br\/site\/wp-json\/wp\/v2\/media?parent=7735"}],"wp:term":[{"taxonomy":"category","embeddable":true,"href":"https:\/\/maricatotal.com.br\/site\/wp-json\/wp\/v2\/categories?post=7735"},{"taxonomy":"post_tag","embeddable":true,"href":"https:\/\/maricatotal.com.br\/site\/wp-json\/wp\/v2\/tags?post=7735"}],"curies":[{"name":"wp","href":"https:\/\/api.w.org\/{rel}","templated":true}]}}