{"id":77471,"date":"2026-08-31T10:41:09","date_gmt":"2026-08-31T13:41:09","guid":{"rendered":"https:\/\/maricatotal.com.br\/site\/?p=77471"},"modified":"2026-08-31T11:52:55","modified_gmt":"2026-08-31T14:52:55","slug":"mae-denuncia-bullying-e-ameacas-contra-aluna-de-escola-em-marica","status":"publish","type":"post","link":"https:\/\/maricatotal.com.br\/site\/2026\/08\/31\/mae-denuncia-bullying-e-ameacas-contra-aluna-de-escola-em-marica\/","title":{"rendered":"M\u00e3e denuncia bullying e amea\u00e7as contra aluna de escola em Maric\u00e1"},"content":{"rendered":"\n<p class=\"wp-block-paragraph\">A equipe do <strong>Maric\u00e1 Total<\/strong> recebeu uma den\u00fancia de uma m\u00e3e de uma aluna do <strong>Col\u00e9gio Santa M\u00f4nica<\/strong>, em Maric\u00e1. Segundo o relato, a estudante estaria sendo v\u00edtima de <strong>bullying e amea\u00e7as praticadas por outras alunas<\/strong>.<\/p>\n\n\n\n<p class=\"wp-block-paragraph\">Ainda de acordo com a den\u00fancia, a m\u00e3e afirma que a filha teria sido <strong>constrangida e obrigada a assinar uma carta relacionada a ofensas<\/strong>, situa\u00e7\u00e3o que causou preocupa\u00e7\u00e3o e levou a fam\u00edlia a procurar as autoridades.<\/p>\n\n\n\n<p class=\"wp-block-paragraph\">A m\u00e3e informou ao Maric\u00e1 Total que <strong>registrou a ocorr\u00eancia na 82\u00aa Delegacia de Pol\u00edcia (Maric\u00e1)<\/strong> e buscou provid\u00eancias diante da situa\u00e7\u00e3o.<\/p>\n\n\n\n<h3 class=\"wp-block-heading\">\ud83c\udfeb Escola afirma que tomou provid\u00eancias<\/h3>\n\n\n\n<p class=\"wp-block-paragraph\">Ap\u00f3s receber a den\u00fancia, a equipe do <strong>Maric\u00e1 Total procurou a dire\u00e7\u00e3o do Col\u00e9gio Santa M\u00f4nica<\/strong> para ouvir o posicionamento da unidade de ensino.<\/p>\n\n\n\n<p class=\"wp-block-paragraph\">\u00c0 reportagem, a diretora informou que <strong>a escola tomou todas as provid\u00eancias cab\u00edveis ap\u00f3s receber a den\u00fancia na quinta-feira da semana passada<\/strong>.<\/p>\n\n\n\n<p class=\"wp-block-paragraph\">Segundo a dire\u00e7\u00e3o, <strong>a pedido da m\u00e3e, a aluna tamb\u00e9m foi transferida de hor\u00e1rio<\/strong>, al\u00e9m de outras medidas adotadas pela institui\u00e7\u00e3o em rela\u00e7\u00e3o ao caso.<\/p>\n\n\n\n<p class=\"wp-block-paragraph\">O Maric\u00e1 Total ressalta que <strong>as acusa\u00e7\u00f5es de bullying e amea\u00e7as s\u00e3o relatos apresentados pela m\u00e3e da estudante e est\u00e3o sendo tratados pelas autoridades competentes<\/strong>. A escola, por sua vez, informou \u00e0 reportagem que tomou as medidas necess\u00e1rias ap\u00f3s tomar conhecimento da situa\u00e7\u00e3o.<\/p>\n\n\n\n<p class=\"wp-block-paragraph\">O caso segue sendo acompanhado pela fam\u00edlia e pelas autoridades respons\u00e1veis.<\/p>\n","protected":false},"excerpt":{"rendered":"<p>A equipe do Maric\u00e1 Total recebeu uma den\u00fancia de uma m\u00e3e de uma aluna do Col\u00e9gio Santa M\u00f4nica, em Maric\u00e1.<\/p>\n","protected":false},"author":1,"featured_media":77473,"comment_status":"open","ping_status":"open","sticky":false,"template":"","format":"standard","meta":{"colormag_page_container_layout":"default_layout","colormag_page_sidebar_layout":"default_layout","footnotes":""},"categories":[1],"tags":[],"class_list":["post-77471","post","type-post","status-publish","format-standard","has-post-thumbnail","hentry","category-noticias"],"amp_enabled":true,"_links":{"self":[{"href":"https:\/\/maricatotal.com.br\/site\/wp-json\/wp\/v2\/posts\/77471","targetHints":{"allow":["GET"]}}],"collection":[{"href":"https:\/\/maricatotal.com.br\/site\/wp-json\/wp\/v2\/posts"}],"about":[{"href":"https:\/\/maricatotal.com.br\/site\/wp-json\/wp\/v2\/types\/post"}],"author":[{"embeddable":true,"href":"https:\/\/maricatotal.com.br\/site\/wp-json\/wp\/v2\/users\/1"}],"replies":[{"embeddable":true,"href":"https:\/\/maricatotal.com.br\/site\/wp-json\/wp\/v2\/comments?post=77471"}],"version-history":[{"count":2,"href":"https:\/\/maricatotal.com.br\/site\/wp-json\/wp\/v2\/posts\/77471\/revisions"}],"predecessor-version":[{"id":77476,"href":"https:\/\/maricatotal.com.br\/site\/wp-json\/wp\/v2\/posts\/77471\/revisions\/77476"}],"wp:featuredmedia":[{"embeddable":true,"href":"https:\/\/maricatotal.com.br\/site\/wp-json\/wp\/v2\/media\/77473"}],"wp:attachment":[{"href":"https:\/\/maricatotal.com.br\/site\/wp-json\/wp\/v2\/media?parent=77471"}],"wp:term":[{"taxonomy":"category","embeddable":true,"href":"https:\/\/maricatotal.com.br\/site\/wp-json\/wp\/v2\/categories?post=77471"},{"taxonomy":"post_tag","embeddable":true,"href":"https:\/\/maricatotal.com.br\/site\/wp-json\/wp\/v2\/tags?post=77471"}],"curies":[{"name":"wp","href":"https:\/\/api.w.org\/{rel}","templated":true}]}}