{"id":77477,"date":"2026-08-31T17:45:16","date_gmt":"2026-08-31T20:45:16","guid":{"rendered":"https:\/\/maricatotal.com.br\/site\/?p=77477"},"modified":"2026-08-31T17:45:17","modified_gmt":"2026-08-31T20:45:17","slug":"policia-civil-prende-dois-adultos-e-apreende-adolescente-suspeitos-de-atuar-como-radinhos-na-favela-da-linha","status":"publish","type":"post","link":"https:\/\/maricatotal.com.br\/site\/2026\/08\/31\/policia-civil-prende-dois-adultos-e-apreende-adolescente-suspeitos-de-atuar-como-radinhos-na-favela-da-linha\/","title":{"rendered":"Pol\u00edcia Civil prende dois adultos e apreende adolescente suspeitos de atuar como \u201cradinhos\u201d na Favela da Linha"},"content":{"rendered":"\n<p class=\"wp-block-paragraph\">Policiais civis da <strong>82\u00aa DP (Maric\u00e1)<\/strong> prenderam dois adultos e apreenderam um adolescente de 16 anos nesta segunda-feira (31), em <strong>S\u00e3o Jos\u00e9 do Imbassa\u00ed, Maric\u00e1<\/strong>. Segundo a Pol\u00edcia Civil, o trio \u00e9 suspeito de atuar como <strong>\u201cradinho\u201d<\/strong>, fun\u00e7\u00e3o de vigil\u00e2ncia para o tr\u00e1fico de drogas na regi\u00e3o da Favela da Linha.<\/p>\n\n\n\n<p class=\"wp-block-paragraph\">A a\u00e7\u00e3o foi realizada ap\u00f3s informa\u00e7\u00f5es recebidas pelo <strong>Disque-Den\u00fancia<\/strong> sobre a atua\u00e7\u00e3o de criminosos na regi\u00e3o. Durante o patrulhamento pela <strong>Rodovia Amaral Peixoto<\/strong>, os agentes localizaram os suspeitos em uma \u00e1rea elevada e cercada por vegeta\u00e7\u00e3o, conhecida como <strong>Alto do Fluminense<\/strong>.<\/p>\n\n\n\n<p class=\"wp-block-paragraph\">No local, os policiais apreenderam um <strong>r\u00e1dio comunicador HT em funcionamento<\/strong>, que, segundo a corpora\u00e7\u00e3o, estava sintonizado na frequ\u00eancia utilizada pelo tr\u00e1fico local. Ainda de acordo com os agentes, o equipamento recebia e transmitia informa\u00e7\u00f5es sobre a movimenta\u00e7\u00e3o policial na regi\u00e3o.<\/p>\n\n\n\n<p class=\"wp-block-paragraph\">Com o adolescente tamb\u00e9m foi encontrado um <strong>aparelho celular<\/strong>. Segundo a Pol\u00edcia Civil, durante a abordagem, o menor teria confessado que exercia a fun\u00e7\u00e3o de \u201cradinho\u201d para o tr\u00e1fico.<\/p>\n\n\n\n<p class=\"wp-block-paragraph\">Os dois adultos e o adolescente foram encaminhados \u00e0 <strong>82\u00aa Delegacia de Pol\u00edcia<\/strong>, juntamente com o material apreendido, onde os procedimentos legais foram realizados.<\/p>\n\n\n\n<p class=\"wp-block-paragraph\">A ocorr\u00eancia foi registrada sob o n\u00famero <strong>RO 082-10049\/2026<\/strong>, e os envolvidos foram enquadrados, segundo a Pol\u00edcia Civil, no <strong>Artigo 35 da Lei 11.343\/06<\/strong>, referente \u00e0 associa\u00e7\u00e3o para o tr\u00e1fico.<\/p>\n","protected":false},"excerpt":{"rendered":"<p>Policiais civis da 82\u00aa DP (Maric\u00e1) prenderam dois adultos e apreenderam um adolescente de 16 anos nesta segunda-feira (31), em<\/p>\n","protected":false},"author":1,"featured_media":77479,"comment_status":"open","ping_status":"open","sticky":false,"template":"","format":"standard","meta":{"colormag_page_container_layout":"default_layout","colormag_page_sidebar_layout":"default_layout","footnotes":""},"categories":[1],"tags":[],"class_list":["post-77477","post","type-post","status-publish","format-standard","has-post-thumbnail","hentry","category-noticias"],"amp_enabled":true,"_links":{"self":[{"href":"https:\/\/maricatotal.com.br\/site\/wp-json\/wp\/v2\/posts\/77477","targetHints":{"allow":["GET"]}}],"collection":[{"href":"https:\/\/maricatotal.com.br\/site\/wp-json\/wp\/v2\/posts"}],"about":[{"href":"https:\/\/maricatotal.com.br\/site\/wp-json\/wp\/v2\/types\/post"}],"author":[{"embeddable":true,"href":"https:\/\/maricatotal.com.br\/site\/wp-json\/wp\/v2\/users\/1"}],"replies":[{"embeddable":true,"href":"https:\/\/maricatotal.com.br\/site\/wp-json\/wp\/v2\/comments?post=77477"}],"version-history":[{"count":1,"href":"https:\/\/maricatotal.com.br\/site\/wp-json\/wp\/v2\/posts\/77477\/revisions"}],"predecessor-version":[{"id":77480,"href":"https:\/\/maricatotal.com.br\/site\/wp-json\/wp\/v2\/posts\/77477\/revisions\/77480"}],"wp:featuredmedia":[{"embeddable":true,"href":"https:\/\/maricatotal.com.br\/site\/wp-json\/wp\/v2\/media\/77479"}],"wp:attachment":[{"href":"https:\/\/maricatotal.com.br\/site\/wp-json\/wp\/v2\/media?parent=77477"}],"wp:term":[{"taxonomy":"category","embeddable":true,"href":"https:\/\/maricatotal.com.br\/site\/wp-json\/wp\/v2\/categories?post=77477"},{"taxonomy":"post_tag","embeddable":true,"href":"https:\/\/maricatotal.com.br\/site\/wp-json\/wp\/v2\/tags?post=77477"}],"curies":[{"name":"wp","href":"https:\/\/api.w.org\/{rel}","templated":true}]}}