{"id":77484,"date":"2026-09-01T09:18:47","date_gmt":"2026-09-01T12:18:47","guid":{"rendered":"https:\/\/maricatotal.com.br\/site\/?p=77484"},"modified":"2026-09-01T09:18:47","modified_gmt":"2026-09-01T12:18:47","slug":"guarda-municipal-atende-ocorrencia-de-violencia-domestica-no-jardim-interlagos","status":"publish","type":"post","link":"https:\/\/maricatotal.com.br\/site\/2026\/09\/01\/guarda-municipal-atende-ocorrencia-de-violencia-domestica-no-jardim-interlagos\/","title":{"rendered":"Guarda Municipal atende ocorr\u00eancia de viol\u00eancia dom\u00e9stica no Jardim Interlagos"},"content":{"rendered":"\n<p class=\"wp-block-paragraph\">A <strong>Guarda Municipal de Maric\u00e1<\/strong>, por meio do Grupamento Maria da Penha (GMAP), atendeu uma ocorr\u00eancia de viol\u00eancia dom\u00e9stica na noite deste domingo (30), no bairro <strong>Jardim Interlagos<\/strong>.<\/p>\n\n\n\n<p class=\"wp-block-paragraph\">A equipe foi acionada pelo CIOSP por volta das <strong>22h28<\/strong> para prestar apoio em uma den\u00fancia envolvendo agress\u00f5es no ambiente familiar. A ocorr\u00eancia contou tamb\u00e9m com o apoio de agentes do GODAT.<\/p>\n\n\n\n<p class=\"wp-block-paragraph\">Segundo os relatos apresentados \u00e0s equipes, o suspeito, que reside com a m\u00e3e h\u00e1 aproximadamente nove meses, teria chegado \u00e0 resid\u00eancia alterado e iniciado uma s\u00e9rie de agress\u00f5es contra familiares. Conforme o registro, foram v\u00edtimas <strong>a m\u00e3e do suspeito, duas sobrinhas e uma crian\u00e7a de 5 anos<\/strong>.<\/p>\n\n\n\n<p class=\"wp-block-paragraph\">Ainda segundo os relatos, familiares afirmaram que o homem apresentaria comportamento agressivo ap\u00f3s fazer uso de bebidas alco\u00f3licas e\/ou subst\u00e2ncias entorpecentes e j\u00e1 teria proferido amea\u00e7as anteriormente.<\/p>\n\n\n\n<p class=\"wp-block-paragraph\">Ap\u00f3s as agress\u00f5es, o suspeito deixou o im\u00f3vel. As equipes realizaram buscas pelas proximidades, mas <strong>n\u00e3o conseguiram localiz\u00e1-lo<\/strong>.<\/p>\n\n\n\n<p class=\"wp-block-paragraph\">Uma das v\u00edtimas \u00e9 uma mulher idosa, que havia sofrido um AVC aproximadamente dois meses antes. Em raz\u00e3o de sua condi\u00e7\u00e3o de sa\u00fade, ela optou por n\u00e3o comparecer \u00e0 delegacia naquele momento.<\/p>\n\n\n\n<p class=\"wp-block-paragraph\">Duas das v\u00edtimas foram acompanhadas pelos agentes at\u00e9 a <strong>82\u00aa Delegacia de Pol\u00edcia (Maric\u00e1)<\/strong>, onde a ocorr\u00eancia foi registrada. Foram solicitados <strong>exames de corpo de delito e medidas protetivas<\/strong>.<\/p>\n\n\n\n<p class=\"wp-block-paragraph\">As v\u00edtimas receberam orienta\u00e7\u00f5es sobre os procedimentos posteriores e tamb\u00e9m foram disponibilizados os contatos institucionais do <strong>Grupamento Maria da Penha<\/strong> e da <strong>Casa da Mulher<\/strong> para acompanhamento e eventual necessidade de atendimento.<\/p>\n\n\n\n<p class=\"wp-block-paragraph\">O caso foi registrado como <strong>les\u00e3o corporal<\/strong> e ser\u00e1 acompanhado pelas autoridades competentes.<\/p>\n","protected":false},"excerpt":{"rendered":"<p>A Guarda Municipal de Maric\u00e1, por meio do Grupamento Maria da Penha (GMAP), atendeu uma ocorr\u00eancia de viol\u00eancia dom\u00e9stica na<\/p>\n","protected":false},"author":1,"featured_media":77486,"comment_status":"open","ping_status":"open","sticky":false,"template":"","format":"standard","meta":{"colormag_page_container_layout":"default_layout","colormag_page_sidebar_layout":"default_layout","footnotes":""},"categories":[1],"tags":[],"class_list":["post-77484","post","type-post","status-publish","format-standard","has-post-thumbnail","hentry","category-noticias"],"amp_enabled":true,"_links":{"self":[{"href":"https:\/\/maricatotal.com.br\/site\/wp-json\/wp\/v2\/posts\/77484","targetHints":{"allow":["GET"]}}],"collection":[{"href":"https:\/\/maricatotal.com.br\/site\/wp-json\/wp\/v2\/posts"}],"about":[{"href":"https:\/\/maricatotal.com.br\/site\/wp-json\/wp\/v2\/types\/post"}],"author":[{"embeddable":true,"href":"https:\/\/maricatotal.com.br\/site\/wp-json\/wp\/v2\/users\/1"}],"replies":[{"embeddable":true,"href":"https:\/\/maricatotal.com.br\/site\/wp-json\/wp\/v2\/comments?post=77484"}],"version-history":[{"count":1,"href":"https:\/\/maricatotal.com.br\/site\/wp-json\/wp\/v2\/posts\/77484\/revisions"}],"predecessor-version":[{"id":77487,"href":"https:\/\/maricatotal.com.br\/site\/wp-json\/wp\/v2\/posts\/77484\/revisions\/77487"}],"wp:featuredmedia":[{"embeddable":true,"href":"https:\/\/maricatotal.com.br\/site\/wp-json\/wp\/v2\/media\/77486"}],"wp:attachment":[{"href":"https:\/\/maricatotal.com.br\/site\/wp-json\/wp\/v2\/media?parent=77484"}],"wp:term":[{"taxonomy":"category","embeddable":true,"href":"https:\/\/maricatotal.com.br\/site\/wp-json\/wp\/v2\/categories?post=77484"},{"taxonomy":"post_tag","embeddable":true,"href":"https:\/\/maricatotal.com.br\/site\/wp-json\/wp\/v2\/tags?post=77484"}],"curies":[{"name":"wp","href":"https:\/\/api.w.org\/{rel}","templated":true}]}}