{"id":77489,"date":"2026-09-01T09:25:49","date_gmt":"2026-09-01T12:25:49","guid":{"rendered":"https:\/\/maricatotal.com.br\/site\/?p=77489"},"modified":"2026-09-01T09:25:50","modified_gmt":"2026-09-01T12:25:50","slug":"aulas-da-rede-municipal-de-marica-sao-suspensas-no-turno-da-manha-nesta-terca-feira","status":"publish","type":"post","link":"https:\/\/maricatotal.com.br\/site\/2026\/09\/01\/aulas-da-rede-municipal-de-marica-sao-suspensas-no-turno-da-manha-nesta-terca-feira\/","title":{"rendered":"Aulas da rede municipal de Maric\u00e1 s\u00e3o suspensas no turno da manh\u00e3 nesta ter\u00e7a-feira"},"content":{"rendered":"\n<p class=\"wp-block-paragraph\">A <strong>Secretaria Municipal de Educa\u00e7\u00e3o de Maric\u00e1<\/strong> suspendeu as aulas do <strong>turno da manh\u00e3 desta ter\u00e7a-feira (1\u00ba)<\/strong> em todas as unidades da Rede Municipal de Ensino.<\/p>\n\n\n\n<p class=\"wp-block-paragraph\">A decis\u00e3o foi tomada de forma preventiva, seguindo as orienta\u00e7\u00f5es da <strong>Secretaria de Prote\u00e7\u00e3o e Defesa Civil de Maric\u00e1<\/strong>, diante das condi\u00e7\u00f5es meteorol\u00f3gicas previstas para o munic\u00edpio.<\/p>\n\n\n\n<p class=\"wp-block-paragraph\">De acordo com o informe emitido \u00e0s <strong>6h35<\/strong>, uma frente fria influencia Maric\u00e1, com previs\u00e3o de <strong>rajadas de vento moderadas a fortes, podendo chegar a 60 km\/h<\/strong>, al\u00e9m da possibilidade de pancadas de chuva acompanhadas de raios ao longo do dia.<\/p>\n\n\n\n<p class=\"wp-block-paragraph\">As condi\u00e7\u00f5es do tempo ser\u00e3o monitoradas durante a manh\u00e3. A Secretaria de Educa\u00e7\u00e3o informou que <strong>um novo comunicado ser\u00e1 divulgado posteriormente<\/strong> com orienta\u00e7\u00f5es sobre o funcionamento das aulas nos turnos da tarde e da noite.<\/p>\n\n\n\n<p class=\"wp-block-paragraph\">Estudantes, respons\u00e1veis e profissionais da educa\u00e7\u00e3o devem permanecer atentos aos <strong>canais oficiais da Prefeitura<\/strong> e aguardar novas informa\u00e7\u00f5es.<\/p>\n\n\n\n<p class=\"wp-block-paragraph\">A medida tem car\u00e1ter preventivo e busca garantir a <strong>seguran\u00e7a dos estudantes, profissionais da educa\u00e7\u00e3o e de toda a comunidade escolar<\/strong> durante o per\u00edodo de instabilidade clim\u00e1tica.<\/p>\n","protected":false},"excerpt":{"rendered":"<p>A Secretaria Municipal de Educa\u00e7\u00e3o de Maric\u00e1 suspendeu as aulas do turno da manh\u00e3 desta ter\u00e7a-feira (1\u00ba) em todas as<\/p>\n","protected":false},"author":1,"featured_media":73314,"comment_status":"open","ping_status":"open","sticky":false,"template":"","format":"standard","meta":{"colormag_page_container_layout":"default_layout","colormag_page_sidebar_layout":"default_layout","footnotes":""},"categories":[1],"tags":[],"class_list":["post-77489","post","type-post","status-publish","format-standard","has-post-thumbnail","hentry","category-noticias"],"amp_enabled":true,"_links":{"self":[{"href":"https:\/\/maricatotal.com.br\/site\/wp-json\/wp\/v2\/posts\/77489","targetHints":{"allow":["GET"]}}],"collection":[{"href":"https:\/\/maricatotal.com.br\/site\/wp-json\/wp\/v2\/posts"}],"about":[{"href":"https:\/\/maricatotal.com.br\/site\/wp-json\/wp\/v2\/types\/post"}],"author":[{"embeddable":true,"href":"https:\/\/maricatotal.com.br\/site\/wp-json\/wp\/v2\/users\/1"}],"replies":[{"embeddable":true,"href":"https:\/\/maricatotal.com.br\/site\/wp-json\/wp\/v2\/comments?post=77489"}],"version-history":[{"count":1,"href":"https:\/\/maricatotal.com.br\/site\/wp-json\/wp\/v2\/posts\/77489\/revisions"}],"predecessor-version":[{"id":77490,"href":"https:\/\/maricatotal.com.br\/site\/wp-json\/wp\/v2\/posts\/77489\/revisions\/77490"}],"wp:featuredmedia":[{"embeddable":true,"href":"https:\/\/maricatotal.com.br\/site\/wp-json\/wp\/v2\/media\/73314"}],"wp:attachment":[{"href":"https:\/\/maricatotal.com.br\/site\/wp-json\/wp\/v2\/media?parent=77489"}],"wp:term":[{"taxonomy":"category","embeddable":true,"href":"https:\/\/maricatotal.com.br\/site\/wp-json\/wp\/v2\/categories?post=77489"},{"taxonomy":"post_tag","embeddable":true,"href":"https:\/\/maricatotal.com.br\/site\/wp-json\/wp\/v2\/tags?post=77489"}],"curies":[{"name":"wp","href":"https:\/\/api.w.org\/{rel}","templated":true}]}}