{"id":77498,"date":"2026-09-01T10:22:16","date_gmt":"2026-09-01T13:22:16","guid":{"rendered":"https:\/\/maricatotal.com.br\/site\/?p=77498"},"modified":"2026-09-01T10:22:16","modified_gmt":"2026-09-01T13:22:16","slug":"homem-com-mandado-de-prisao-por-homicidio-e-preso-em-inoa","status":"publish","type":"post","link":"https:\/\/maricatotal.com.br\/site\/2026\/09\/01\/homem-com-mandado-de-prisao-por-homicidio-e-preso-em-inoa\/","title":{"rendered":"Homem com mandado de pris\u00e3o por homic\u00eddio \u00e9 preso em Ino\u00e3"},"content":{"rendered":"\n<p class=\"wp-block-paragraph\">Um homem de <strong>54 anos<\/strong>, que era considerado foragido da Justi\u00e7a, foi preso na noite desta segunda-feira (31), durante uma a\u00e7\u00e3o da Pol\u00edcia Militar no bairro de <strong>Ino\u00e3, em Maric\u00e1<\/strong>.<\/p>\n\n\n\n<p class=\"wp-block-paragraph\">Segundo informa\u00e7\u00f5es do registro da ocorr\u00eancia, equipes do <strong>Setor M da Pol\u00edcia Militar<\/strong> foram acionadas por determina\u00e7\u00e3o da opera\u00e7\u00e3o Mar\u00e9 Zero para verificar uma ocorr\u00eancia na <strong>Rua Paraibuna<\/strong>.<\/p>\n\n\n\n<p class=\"wp-block-paragraph\">No local, os policiais conversaram com as partes envolvidas em uma situa\u00e7\u00e3o relacionada a um conflito sobre o acesso a uma propriedade pertencente ao pai falecido de um dos envolvidos.<\/p>\n\n\n\n<p class=\"wp-block-paragraph\">Durante a identifica\u00e7\u00e3o dos presentes, os agentes realizaram uma consulta aos sistemas policiais e <strong>constataram a exist\u00eancia de um mandado de pris\u00e3o em aberto contra um dos homens<\/strong>, relacionado a uma acusa\u00e7\u00e3o de homic\u00eddio.<\/p>\n\n\n\n<p class=\"wp-block-paragraph\">Diante da constata\u00e7\u00e3o, o homem foi conduzido \u00e0 <strong>82\u00aa Delegacia de Pol\u00edcia (Maric\u00e1)<\/strong>, onde permaneceu preso para cumprimento do mandado judicial.<\/p>\n","protected":false},"excerpt":{"rendered":"<p>Um homem de 54 anos, que era considerado foragido da Justi\u00e7a, foi preso na noite desta segunda-feira (31), durante uma<\/p>\n","protected":false},"author":1,"featured_media":65527,"comment_status":"open","ping_status":"open","sticky":false,"template":"","format":"standard","meta":{"colormag_page_container_layout":"default_layout","colormag_page_sidebar_layout":"default_layout","footnotes":""},"categories":[1],"tags":[],"class_list":["post-77498","post","type-post","status-publish","format-standard","has-post-thumbnail","hentry","category-noticias"],"amp_enabled":true,"_links":{"self":[{"href":"https:\/\/maricatotal.com.br\/site\/wp-json\/wp\/v2\/posts\/77498","targetHints":{"allow":["GET"]}}],"collection":[{"href":"https:\/\/maricatotal.com.br\/site\/wp-json\/wp\/v2\/posts"}],"about":[{"href":"https:\/\/maricatotal.com.br\/site\/wp-json\/wp\/v2\/types\/post"}],"author":[{"embeddable":true,"href":"https:\/\/maricatotal.com.br\/site\/wp-json\/wp\/v2\/users\/1"}],"replies":[{"embeddable":true,"href":"https:\/\/maricatotal.com.br\/site\/wp-json\/wp\/v2\/comments?post=77498"}],"version-history":[{"count":1,"href":"https:\/\/maricatotal.com.br\/site\/wp-json\/wp\/v2\/posts\/77498\/revisions"}],"predecessor-version":[{"id":77499,"href":"https:\/\/maricatotal.com.br\/site\/wp-json\/wp\/v2\/posts\/77498\/revisions\/77499"}],"wp:featuredmedia":[{"embeddable":true,"href":"https:\/\/maricatotal.com.br\/site\/wp-json\/wp\/v2\/media\/65527"}],"wp:attachment":[{"href":"https:\/\/maricatotal.com.br\/site\/wp-json\/wp\/v2\/media?parent=77498"}],"wp:term":[{"taxonomy":"category","embeddable":true,"href":"https:\/\/maricatotal.com.br\/site\/wp-json\/wp\/v2\/categories?post=77498"},{"taxonomy":"post_tag","embeddable":true,"href":"https:\/\/maricatotal.com.br\/site\/wp-json\/wp\/v2\/tags?post=77498"}],"curies":[{"name":"wp","href":"https:\/\/api.w.org\/{rel}","templated":true}]}}